{"id":11709831,"date":"2020-11-02T09:06:00","date_gmt":"2020-11-02T13:06:00","guid":{"rendered":"http:\/\/www.corumbaonline.com.br\/news\/?p=11709831"},"modified":"2020-11-02T09:52:18","modified_gmt":"2020-11-02T13:52:18","slug":"senai-de-corumba-entrega-certificados-do-curso-de-pedreiro-de-alvenaria-a-soldados-do-exercito","status":"publish","type":"post","link":"https:\/\/www.corumbaonline.com.br\/news\/senai-de-corumba-entrega-certificados-do-curso-de-pedreiro-de-alvenaria-a-soldados-do-exercito\/","title":{"rendered":"Senai de Corumb\u00e1 entrega certificados do curso de pedreiro de alvenaria a soldados do Ex\u00e9rcito"},"content":{"rendered":"<p class=\"x_MsoNormal\">O Senai de Corumb\u00e1 entregou sexta-feira (30), os certificados de conclus\u00e3o do curso de pedreiro de alvenaria para 30 soldados da 18\u00aa Brigada de Infantaria de Fronteira do Ex\u00e9rcito, sediada no munic\u00edpio. A forma\u00e7\u00e3o profissional faz parte do Projeto Soldado Cidad\u00e3o, que capacita os militares das For\u00e7as Armadas que ser\u00e3o dispensados ap\u00f3s o t\u00e9rmino do tempo de servi\u00e7o militar obrigat\u00f3rio para concorrerem ao mercado de trabalho em melhores condi\u00e7\u00f5es.<\/p>\n<p class=\"x_MsoNormal\">\n<p class=\"x_MsoNormal\">Segundo o diretor-regional do Senai, Rodolpho Caesar Mangialardo, essa parceria com o Minist\u00e9rio da Defesa busca garantir a qualifica\u00e7\u00e3o profissional gratuita aos jovens que prestam o servi\u00e7o militar obrigat\u00f3rio. \u201cO objetivo \u00e9 formar esses jovens para facilitar a inser\u00e7\u00e3o deles no mercado de trabalho. N\u00f3s acreditamos que a qualifica\u00e7\u00e3o profissional vai contribuir para a transforma\u00e7\u00e3o da vida deles\u201d, declarou.<\/p>\n<p class=\"x_MsoNormal\">\n<p class=\"x_MsoNormal\">O coordenador de cursos do Senai de Corumb\u00e1, Herlon Souza Sommerfeld, acrescenta que o curso pedreiro de alvenaria deu condi\u00e7\u00f5es aos militares terem uma profiss\u00e3o no campo da constru\u00e7\u00e3o civil. \u201cO curso foi transcorrido presencialmente usando medidas de seguran\u00e7a de conten\u00e7\u00e3o \u00e0 Covid-19 na unidade do Senai na cidade\u201d, refor\u00e7ou.<\/p>\n<p class=\"x_MsoNormal\">\n<p class=\"x_MsoNormal\">J\u00e1 Paulo Madson Barbosa, que integra a equipe de rela\u00e7\u00f5es com o mercado do Senai de Corumb\u00e1, destaca que, neste ano, a unidade conseguiu estreitar os la\u00e7os com as For\u00e7as Armadas. \u201cAdequamos o curso da melhor maneira para que esses militares obtivesse uma profiss\u00e3o ao t\u00e9rmino do servi\u00e7o militar obrigat\u00f3rio. Foi um sucesso e j\u00e1 estamos nos alinhando para o ano que vem\u201d, projetou.<\/p>\n<p class=\"x_MsoNormal\">\n<p class=\"x_MsoNormal\">O instrutor do curso de alvenaria do Senai de Corumb\u00e1, Vinicius Lopes Miranda, completa que a forma\u00e7\u00e3o permite que os alunos tenham uma chance no mercado de trabalho da regi\u00e3o. \u201cCom esse curso, os soldados podem ter um sal\u00e1rio adequado na \u00e1rea da constru\u00e7\u00e3o civil\u201d, assegurou.<\/p>\n<p class=\"x_MsoNormal\">\n<p class=\"x_MsoNormal\">Para o tenente-coronel do Ex\u00e9rcito Jos\u00e9 Itacir Blnd\u00e9 da Silva, que \u00e9 o chefe de rela\u00e7\u00f5es p\u00fablicas da 18\u00aa Brigada de Infantaria de Fronteira do Ex\u00e9rcito, \u00e9 muito importante essa capacita\u00e7\u00e3o profissional oferecida pelo Senai de Corumb\u00e1, pois d\u00e1 uma profiss\u00e3o adequada aos militares tempor\u00e1rios. \u201cO tempo de servi\u00e7o dos militares de in\u00edcio de carreira \u00e9 limitado, ent\u00e3o, devemos entregar esses jovens aptos ao mercado de trabalho ap\u00f3s o servi\u00e7o militar obrigat\u00f3rio\u201d, analisou.<\/p>\n<p class=\"x_MsoNormal\">\n<p class=\"x_MsoNormal\">O soldado do Ex\u00e9rcito Diego Benito da Silva Moreira, que fez o curso de pedreiro de alvenaria, relata que a forma\u00e7\u00e3o foi de muito importante para a sua vida. \u201cEsse curso superou em muito as minhas expectativas. Tive muito aprendizado e quero colocar em pr\u00e1tica aquilo que aprendi com o Senai\u201d, revelou.<\/p>\n","protected":false},"excerpt":{"rendered":"<p>O Senai de Corumb\u00e1 entregou sexta-feira (30), os certificados de conclus\u00e3o do curso de pedreiro&#8230;<\/p>\n","protected":false},"author":6,"featured_media":0,"comment_status":"closed","ping_status":"closed","sticky":false,"template":"","format":"standard","meta":{"footnotes":""},"categories":[10],"tags":[],"class_list":["post-11709831","post","type-post","status-publish","format-standard","hentry","category-educacao"],"_links":{"self":[{"href":"https:\/\/www.corumbaonline.com.br\/news\/wp-json\/wp\/v2\/posts\/11709831","targetHints":{"allow":["GET"]}}],"collection":[{"href":"https:\/\/www.corumbaonline.com.br\/news\/wp-json\/wp\/v2\/posts"}],"about":[{"href":"https:\/\/www.corumbaonline.com.br\/news\/wp-json\/wp\/v2\/types\/post"}],"author":[{"embeddable":true,"href":"https:\/\/www.corumbaonline.com.br\/news\/wp-json\/wp\/v2\/users\/6"}],"replies":[{"embeddable":true,"href":"https:\/\/www.corumbaonline.com.br\/news\/wp-json\/wp\/v2\/comments?post=11709831"}],"version-history":[{"count":1,"href":"https:\/\/www.corumbaonline.com.br\/news\/wp-json\/wp\/v2\/posts\/11709831\/revisions"}],"predecessor-version":[{"id":11709832,"href":"https:\/\/www.corumbaonline.com.br\/news\/wp-json\/wp\/v2\/posts\/11709831\/revisions\/11709832"}],"wp:attachment":[{"href":"https:\/\/www.corumbaonline.com.br\/news\/wp-json\/wp\/v2\/media?parent=11709831"}],"wp:term":[{"taxonomy":"category","embeddable":true,"href":"https:\/\/www.corumbaonline.com.br\/news\/wp-json\/wp\/v2\/categories?post=11709831"},{"taxonomy":"post_tag","embeddable":true,"href":"https:\/\/www.corumbaonline.com.br\/news\/wp-json\/wp\/v2\/tags?post=11709831"}],"curies":[{"name":"wp","href":"https:\/\/api.w.org\/{rel}","templated":true}]}}