{"id":11709853,"date":"2020-11-03T08:32:00","date_gmt":"2020-11-03T12:32:00","guid":{"rendered":"http:\/\/www.corumbaonline.com.br\/news\/?p=11709853"},"modified":"2020-11-03T09:33:19","modified_gmt":"2020-11-03T13:33:19","slug":"fies-alunos-nao-matriculados-tem-ate-hoje-para-se-inscrever-a-vagas","status":"publish","type":"post","link":"https:\/\/www.corumbaonline.com.br\/news\/fies-alunos-nao-matriculados-tem-ate-hoje-para-se-inscrever-a-vagas\/","title":{"rendered":"Fies: alunos n\u00e3o matriculados t\u00eam at\u00e9 hoje para se inscrever a vagas"},"content":{"rendered":"<p>Estudantes n\u00e3o matriculados em institui\u00e7\u00e3o de educa\u00e7\u00e3o superior t\u00eam at\u00e9 hoje (3) para se inscrever \u00e0s vagas remanescentes do Fundo de Financiamento Estudantil (Fies) para o segundo semestre de 2020. J\u00e1 para os que est\u00e3o matriculados em curso, turno e institui\u00e7\u00e3o para o qual desejam se inscrever para obter o financiamento, o prazo termina em 27 de novembro.<img decoding=\"async\" src=\"https:\/\/agenciabrasil.ebc.com.br\/ebc.png?id=1392092&amp;o=node\" \/><img decoding=\"async\" src=\"https:\/\/agenciabrasil.ebc.com.br\/ebc.gif?id=1392092&amp;o=node\" \/><\/p>\n<p>As inscri\u00e7\u00f5es s\u00e3o realizadas pela internet na\u00a0<a href=\"http:\/\/portalfies.mec.gov.br\/\" target=\"_blank\" rel=\"noopener noreferrer\">p\u00e1gina do Fies<\/a>.<\/p>\n<p>As vagas remanescentes s\u00e3o aquelas que n\u00e3o foram ocupadas no decorrer do processo seletivo regular, por desist\u00eancia dos candidatos pr\u00e9-selecionados ou falta de documenta\u00e7\u00e3o na contrata\u00e7\u00e3o do financiamento, por exemplo. Nessa etapa, est\u00e3o sendo ofertadas 50 mil vagas em 4.213 cursos de 881 institui\u00e7\u00f5es privadas de educa\u00e7\u00e3o superior do pa\u00eds.<\/p>\n<p>O processo de ocupa\u00e7\u00e3o das vagas remanescentes \u00e9 diferente dos processos regulares de sele\u00e7\u00e3o do Fies e ocorrer\u00e1 de acordo com a ordem de conclus\u00e3o das inscri\u00e7\u00f5es. Por essa raz\u00e3o, o Minist\u00e9rio da Educa\u00e7\u00e3o\u00a0 alerta que o candidato que precisar alterar alguma informa\u00e7\u00e3o na inscri\u00e7\u00e3o j\u00e1 conclu\u00edda no sistema deve ficar atento porque ter\u00e1 que cancel\u00e1-la para depois realizar nova inscri\u00e7\u00e3o. Dessa forma, a mesma vaga escolhida anteriormente poder\u00e1 ser ocupada por outro candidato que tiver conclu\u00eddo a inscri\u00e7\u00e3o antes.<\/p>\n<p>Para se inscrever, \u00e9 necess\u00e1rio ter participado de uma das edi\u00e7\u00f5es do Exame Nacional do Ensino M\u00e9dio (Enem), a partir de 2010, ter obtido no m\u00ednimo 450 pontos na m\u00e9dia das cinco provas do exame e n\u00e3o ter zerado a prova de reda\u00e7\u00e3o. O interessado precisa ainda ter renda mensal bruta de at\u00e9 tr\u00eas sal\u00e1rios m\u00ednimos por pessoa da fam\u00edlia.<\/p>\n<p>As vagas remanescentes do Fies tamb\u00e9m podem ser ocupadas por quem j\u00e1 estuda com bolsa parcial (50%) do Prouni e deseja financiar a outra metade da mensalidade do seu curso com subs\u00eddios do governo. Eles tamb\u00e9m ter\u00e3o at\u00e9 o dia 27 de novembro para disputar a vaga desejada.<\/p>\n<h2>Valida\u00e7\u00e3o<\/h2>\n<p>Ap\u00f3s a inscri\u00e7\u00e3o conclu\u00edda, o candidato ter\u00e1 dois dias \u00fateis para validar as informa\u00e7\u00f5es declaradas no ato da inscri\u00e7\u00e3o, diretamente na Comiss\u00e3o Permanente de Supervis\u00e3o e Acompanhamento (CPSA) da institui\u00e7\u00e3o escolhida. A documenta\u00e7\u00e3o pode ser apresentada em formato digital, desde que a institui\u00e7\u00e3o ofere\u00e7a essa forma de atendimento.<\/p>\n<p>Cada institui\u00e7\u00e3o tem uma CPSA respons\u00e1vel pelo recebimento e pela an\u00e1lise da documenta\u00e7\u00e3o exigida para a emiss\u00e3o do Documento de Regularidade de Inscri\u00e7\u00e3o (DRI), necess\u00e1rio para formalizar a contrata\u00e7\u00e3o do financiamento.<\/p>\n<p>Ap\u00f3s a emiss\u00e3o do DRI, o estudante ter\u00e1 dez dias, contados a partir do terceiro dia \u00fatil, imediatamente, subsequente ao da emiss\u00e3o do referido documento, para entregar a documenta\u00e7\u00e3o exigida para fins de contrata\u00e7\u00e3o e validar as informa\u00e7\u00f5es junto ao banco.<\/p>\n<p>O Fies \u00e9 o programa do governo federal que tem o objetivo de facilitar o acesso ao cr\u00e9dito para financiamento de cursos de ensino superior oferecidos por institui\u00e7\u00f5es privadas. Criado em 1999, ele \u00e9 ofertado em duas modalidades desde 2018, por meio do Fies e do Programa de Financiamento Estudantil (P-Fies).<\/p>\n<p>O primeiro \u00e9 operado pelo governo federal, sem incid\u00eancia de juros, para estudantes que t\u00eam renda familiar de at\u00e9 tr\u00eas sal\u00e1rios m\u00ednimos por pessoa; o percentual m\u00e1ximo do valor do curso financiado \u00e9 definido de acordo com a renda familiar e os encargos educacionais s\u00e3o cobrados pelas institui\u00e7\u00f5es de ensino.<\/p>\n<p>J\u00e1 o P-Fies funciona com recursos dos fundos constitucionais e dos bancos privados participantes, o que implica cobran\u00e7a de juros.<\/p>\n","protected":false},"excerpt":{"rendered":"<p>Estudantes n\u00e3o matriculados em institui\u00e7\u00e3o de educa\u00e7\u00e3o superior t\u00eam at\u00e9 hoje (3) para se inscrever&#8230;<\/p>\n","protected":false},"author":4,"featured_media":0,"comment_status":"closed","ping_status":"closed","sticky":false,"template":"","format":"standard","meta":{"footnotes":""},"categories":[10],"tags":[],"class_list":["post-11709853","post","type-post","status-publish","format-standard","hentry","category-educacao"],"_links":{"self":[{"href":"https:\/\/www.corumbaonline.com.br\/news\/wp-json\/wp\/v2\/posts\/11709853","targetHints":{"allow":["GET"]}}],"collection":[{"href":"https:\/\/www.corumbaonline.com.br\/news\/wp-json\/wp\/v2\/posts"}],"about":[{"href":"https:\/\/www.corumbaonline.com.br\/news\/wp-json\/wp\/v2\/types\/post"}],"author":[{"embeddable":true,"href":"https:\/\/www.corumbaonline.com.br\/news\/wp-json\/wp\/v2\/users\/4"}],"replies":[{"embeddable":true,"href":"https:\/\/www.corumbaonline.com.br\/news\/wp-json\/wp\/v2\/comments?post=11709853"}],"version-history":[{"count":1,"href":"https:\/\/www.corumbaonline.com.br\/news\/wp-json\/wp\/v2\/posts\/11709853\/revisions"}],"predecessor-version":[{"id":11709855,"href":"https:\/\/www.corumbaonline.com.br\/news\/wp-json\/wp\/v2\/posts\/11709853\/revisions\/11709855"}],"wp:attachment":[{"href":"https:\/\/www.corumbaonline.com.br\/news\/wp-json\/wp\/v2\/media?parent=11709853"}],"wp:term":[{"taxonomy":"category","embeddable":true,"href":"https:\/\/www.corumbaonline.com.br\/news\/wp-json\/wp\/v2\/categories?post=11709853"},{"taxonomy":"post_tag","embeddable":true,"href":"https:\/\/www.corumbaonline.com.br\/news\/wp-json\/wp\/v2\/tags?post=11709853"}],"curies":[{"name":"wp","href":"https:\/\/api.w.org\/{rel}","templated":true}]}}