{"id":11709876,"date":"2020-11-03T11:11:00","date_gmt":"2020-11-03T15:11:00","guid":{"rendered":"http:\/\/www.corumbaonline.com.br\/news\/?p=11709876"},"modified":"2020-11-03T11:27:28","modified_gmt":"2020-11-03T15:27:28","slug":"inscricoes-no-tecnico-integrado-do-ifms-terminam-quarta-feira","status":"publish","type":"post","link":"https:\/\/www.corumbaonline.com.br\/news\/inscricoes-no-tecnico-integrado-do-ifms-terminam-quarta-feira\/","title":{"rendered":"Inscri\u00e7\u00f5es no t\u00e9cnico integrado do IFMS terminam quarta-feira"},"content":{"rendered":"<p>O prazo de inscri\u00e7\u00f5es\u00a0no processo seletivo para ingresso em cursos t\u00e9cnicos integrados ao ensino m\u00e9dio do\u00a0Instituto Federal de Mato Grosso do Sul (IFMS) no primeiro semestre de 2021 termina nesta quarta-feira, 4.<\/p>\n<p>Nesse tipo de curso, o estudante faz o ensino m\u00e9dio de forma articulada ao ensino t\u00e9cnico. Ap\u00f3s formado, \u00e9 poss\u00edvel trabalhar na profiss\u00e3o t\u00e9cnica escolhida ou seguir a carreira acad\u00eamica, entrando em uma universidade.<\/p>\n<p>S\u00e3o ofertadas 1.520 vagas em 11 op\u00e7\u00f5es de cursos nos munic\u00edpios de Aquidauana, Campo Grande, Corumb\u00e1, Coxim, Dourados, Jardim, Navira\u00ed, Nova Andradina, Ponta Por\u00e3 e Tr\u00eas Lagoas.\u00a0A\u00a0<a title=\"p\u00e1gina IFMS Sele\u00e7\u00e3o 2021\" href=\"http:\/\/www.ifms.edu.br:9000\/lists\/lt.php?tid=KxkMAVYNUlRRAktUDgNcTlABAgFOAQpcVRsKBAQFVAFSU1QDBw4fVlZSUAZUA1FOVgNUU04NDQoGG1pSUFZPA1tcDFYHAQAAAFkCH1ICAwYCUlcDTghaXAYbDFZQBk8JVlZUH1AKVgBWAgNWVAIABw\" target=\"_blank\" rel=\"noopener noreferrer\">p\u00e1gina Sele\u00e7\u00e3o IFMS 2021<\/a>\u00a0traz os detalhes dos cursos oferecidos em cada munic\u00edpio, al\u00e9m de todas as informa\u00e7\u00f5es sobre o processo seletivo.<\/p>\n<p>Para participar da sele\u00e7\u00e3o \u00e9 preciso ter o ensino fundamental completo at\u00e9 a data de matr\u00edcula, prevista para janeiro de 2021, e possuir Cadastro de Pessoa F\u00edsica (CPF) em seu nome.<\/p>\n<p>A sele\u00e7\u00e3o ser\u00e1 feita com base nas notas que o candidato obteve em L\u00edngua Portuguesa, Matem\u00e1tica, Ci\u00eancias, Hist\u00f3ria e Geografia no 8\u00ba ano do ensino fundamental, que devem ser inseridas no sistema de inscri\u00e7\u00e3o. Para comprovar as informa\u00e7\u00f5es, \u00e9 preciso anexar um documento escolar como, por exemplo, o boletim.<\/p>\n<p>Todos os\u00a0<a title=\"documentos relacionados ao processo seletivo\" href=\"http:\/\/www.ifms.edu.br:9000\/lists\/lt.php?tid=KxlWB11dWlQCBEtRU1VQTlAEVFBOAA0NBhsIBFEABFVTXAFUXQEfVlZSUAZUA1FOVgNUU04NDQoGG1pSUFZPA1tcDFYHAQAAAFkCH1ICAwYCUlcDTghaXAYbDFZQBk8JVlZUH1AKVgBWAgNWVAIABw\" target=\"_blank\" rel=\"noopener noreferrer\">documentos relacionados ao processo seletivo<\/a>\u00a0est\u00e3o dispon\u00edveis na Central de Sele\u00e7\u00e3o do IFMS.<\/p>\n<p><strong>Inscri\u00e7\u00f5es<\/strong>\u00a0&#8211; S\u00e3o gratuitas e devem ser feitas na\u00a0<a title=\"P\u00e1gina do Candidato da Central de Sele\u00e7\u00e3o\" href=\"http:\/\/www.ifms.edu.br:9000\/lists\/lt.php?tid=KxkNV11cVgJQA0tTUwJdTlAHAgNOAFwIVBsMVwQFUwABU1cHA10fVlZSUAZUA1FOVgNUU04NDQoGG1pSUFZPA1tcDFYHAQAAAFkCH1ICAwYCUlcDTghaXAYbDFZQBk8JVlZUH1AKVgBWAgNWVAIABw\" target=\"_blank\" rel=\"noopener noreferrer\">P\u00e1gina do Candidato<\/a>\u00a0da Central de Sele\u00e7\u00e3o, onde \u00e9 poss\u00edvel consultar as\u00a0<a title=\"instru\u00e7\u00f5es para a realiza\u00e7\u00e3o das inscri\u00e7\u00f5es\" href=\"http:\/\/www.ifms.edu.br:9000\/lists\/lt.php?tid=KxkMCwZbVwdRU0tWVQQETlBdCgFOAQxcARtdUFMDUwRbBFYGAA4fVlZSUAZUA1FOVgNUU04NDQoGG1pSUFZPA1tcDFYHAQAAAFkCH1ICAwYCUlcDTghaXAYbDFZQBk8JVlZUH1AKVgBWAgNWVAIABw\" target=\"_blank\" rel=\"noopener noreferrer\">instru\u00e7\u00f5es para a realiza\u00e7\u00e3o das inscri\u00e7\u00f5es<\/a>.<\/p>\n<p><strong>Atendimento presencial<\/strong>\u00a0&#8211; At\u00e9 esta quarta-feira, 4, o candidato sem acesso \u00e0 internet ou computador pode agendar a ida ao campus do IFMS para fazer ele pr\u00f3prio a inscri\u00e7\u00e3o em um equipamento da institui\u00e7\u00e3o.<\/p>\n<p>O agendamento deve ser feito pelo WhatsApp, de acordo com os telefones disponibilizados na\u00a0p\u00e1gina Contatos da Sele\u00e7\u00e3o IFMS 2021, onde tamb\u00e9m est\u00e3o dispon\u00edveis os endere\u00e7os dos campi e os dias da semana e hor\u00e1rios em que est\u00e3o sendo feitos os atendimentos presenciais.<\/p>\n<p><strong>A\u00e7\u00e3o Afirmativa (cotas)<\/strong>\u00a0&#8211; Metade das vagas \u00e9 reservada a candidatos que estudaram em escola p\u00fablica. Desse total, h\u00e1 cotas para os que comprovarem renda familiar bruta mensal\u00a0<em>per capita<\/em>\u00a0igual ou inferior a um sal\u00e1rio m\u00ednimo e meio, aos que se autodeclararem pretos, pardos e ind\u00edgenas, e a pessoas com defici\u00eancia.<\/p>\n<p>A op\u00e7\u00e3o de benefici\u00e1rio de a\u00e7\u00e3o afirmativa (cotista) deve ser informada no ato da inscri\u00e7\u00e3o.<\/p>\n<p>Os cotistas aprovados no processo seletivo dever\u00e3o comprovar essa condi\u00e7\u00e3o no ato da matr\u00edcula, caso contr\u00e1rio perder\u00e3o a vaga e ser\u00e3o reclassificados em lista de espera.<\/p>\n<p>Os candidatos que se autodeclararem pretos ou pardos dever\u00e3o passar por uma banca de heteroidentifica\u00e7\u00e3o, para constata\u00e7\u00e3o da veracidade da autodeclara\u00e7\u00e3o.<\/p>\n<p><strong>Etapas<\/strong>\u00a0&#8211; De acordo com o\u00a0cronograma retificado do processo seletivo, a lista de inscri\u00e7\u00f5es deferidas e indeferidas ser\u00e1 publicada no dia 20 de novembro.<\/p>\n<p>A homologa\u00e7\u00e3o dos inscritos ser\u00e1 divulgada no dia 2 de dezembro, e a classifica\u00e7\u00e3o preliminar est\u00e1 agendada para o dia 4 de janeiro.<\/p>\n<p>As bancas de heteroidentifica\u00e7\u00e3o para os candidatos que se autodeclararem pretos ou pardos ser\u00e3o realizadas entre os dias 10 e 23 de dezembro.<\/p>\n<p>O resultado final e a primeira chamada do processo seletivo ser\u00e3o publicados no dia 8 de janeiro, com matr\u00edculas entre os dias 12 e 14 do mesmo m\u00eas.<\/p>\n<p><strong>Vagas<\/strong><\/p>\n<table border=\"1\" width=\"90%\" cellspacing=\"0\" cellpadding=\"0\">\n<tbody>\n<tr>\n<td><strong>Campus<\/strong><\/td>\n<td><strong>Curso<\/strong><\/td>\n<td><strong>Turno<\/strong><\/td>\n<td><strong>Vagas<\/strong><\/td>\n<\/tr>\n<tr>\n<td rowspan=\"4\">Aquidauana<\/td>\n<td rowspan=\"2\">T\u00e9cnico em Edifica\u00e7\u00f5es<\/td>\n<td>Matutino<\/td>\n<td>40<\/td>\n<\/tr>\n<tr>\n<td>Vespertino<\/td>\n<td>40<\/td>\n<\/tr>\n<tr>\n<td rowspan=\"2\">T\u00e9cnico em Inform\u00e1tica<\/td>\n<td>Matutino<\/td>\n<td>40<\/td>\n<\/tr>\n<tr>\n<td>Vespertino<\/td>\n<td>40<\/td>\n<\/tr>\n<tr>\n<td rowspan=\"6\">Campo Grande<\/td>\n<td rowspan=\"2\">T\u00e9cnico em Eletrot\u00e9cnica<\/td>\n<td>Matutino<\/td>\n<td>40<\/td>\n<\/tr>\n<tr>\n<td>Vespertino<\/td>\n<td>40<\/td>\n<\/tr>\n<tr>\n<td rowspan=\"2\">T\u00e9cnico em Inform\u00e1tica<\/td>\n<td>Matutino<\/td>\n<td>40<\/td>\n<\/tr>\n<tr>\n<td>Vespertino<\/td>\n<td>40<\/td>\n<\/tr>\n<tr>\n<td rowspan=\"2\">T\u00e9cnico em Mec\u00e2nica<\/td>\n<td>Matutino<\/td>\n<td>40<\/td>\n<\/tr>\n<tr>\n<td>Vespertino<\/td>\n<td>40<\/td>\n<\/tr>\n<tr>\n<td rowspan=\"2\">Corumb\u00e1<\/td>\n<td>T\u00e9cnico em Inform\u00e1tica<\/td>\n<td>Matutino<\/td>\n<td>40<\/td>\n<\/tr>\n<tr>\n<td>T\u00e9cnico em Metalurgia<\/td>\n<td>Vespertino<\/td>\n<td>40<\/td>\n<\/tr>\n<tr>\n<td rowspan=\"3\">Coxim<\/td>\n<td>T\u00e9cnico em Alimentos<\/td>\n<td>Matutino<\/td>\n<td>40<\/td>\n<\/tr>\n<tr>\n<td>T\u00e9cnico em Aquicultura<\/td>\n<td>Matutino<\/td>\n<td>40<\/td>\n<\/tr>\n<tr>\n<td>T\u00e9cnico em Desenvolvimento de Sistemas<\/td>\n<td>Matutino<\/td>\n<td>80<\/td>\n<\/tr>\n<tr>\n<td rowspan=\"2\">Dourados<\/td>\n<td rowspan=\"2\">T\u00e9cnico em Inform\u00e1tica para Internet<\/td>\n<td>Matutino<\/td>\n<td>80<\/td>\n<\/tr>\n<tr>\n<td>Vespertino<\/td>\n<td>80<\/td>\n<\/tr>\n<tr>\n<td rowspan=\"2\">Jardim<\/td>\n<td>T\u00e9cnico em Edifica\u00e7\u00f5es<\/td>\n<td>Matutino<\/td>\n<td>40<\/td>\n<\/tr>\n<tr>\n<td>T\u00e9cnico em Inform\u00e1tica<\/td>\n<td>Matutino<\/td>\n<td>40<\/td>\n<\/tr>\n<tr>\n<td rowspan=\"4\">Navira\u00ed<\/td>\n<td rowspan=\"2\">T\u00e9cnico em Inform\u00e1tica para Internet<\/td>\n<td>Matutino<\/td>\n<td>40<\/td>\n<\/tr>\n<tr>\n<td>Vespertino<\/td>\n<td>40<\/td>\n<\/tr>\n<tr>\n<td rowspan=\"2\">T\u00e9cnico em Agricultura<\/td>\n<td>Matutino<\/td>\n<td>40<\/td>\n<\/tr>\n<tr>\n<td>Vespertino<\/td>\n<td>40<\/td>\n<\/tr>\n<tr>\n<td rowspan=\"2\">Nova Andradina<\/td>\n<td>T\u00e9cnico em Agropecu\u00e1ria<\/td>\n<td>Matutino e Vespertino<\/td>\n<td>80<\/td>\n<\/tr>\n<tr>\n<td>T\u00e9cnico em Inform\u00e1tica<\/td>\n<td>Vespertino<\/td>\n<td>80<\/td>\n<\/tr>\n<tr>\n<td rowspan=\"4\">Ponta Por\u00e3<\/td>\n<td rowspan=\"2\">T\u00e9cnico em Agricultura<\/td>\n<td>Matutino<\/td>\n<td>40<\/td>\n<\/tr>\n<tr>\n<td>Vespertino<\/td>\n<td>40<\/td>\n<\/tr>\n<tr>\n<td rowspan=\"2\">T\u00e9cnico em Inform\u00e1tica<\/td>\n<td>Matutino<\/td>\n<td>40<\/td>\n<\/tr>\n<tr>\n<td>Vespertino<\/td>\n<td>40<\/td>\n<\/tr>\n<tr>\n<td rowspan=\"4\">Tr\u00eas Lagoas<\/td>\n<td rowspan=\"2\">T\u00e9cnico em Inform\u00e1tica<\/td>\n<td>Matutino<\/td>\n<td>40<\/td>\n<\/tr>\n<tr>\n<td>Vespertino<\/td>\n<td>40<\/td>\n<\/tr>\n<tr>\n<td rowspan=\"2\">T\u00e9cnico em Eletrot\u00e9cnica<\/td>\n<td>Matutino<\/td>\n<td>40<\/td>\n<\/tr>\n<tr>\n<td>Vespertino<\/td>\n<td>40<\/td>\n<\/tr>\n<\/tbody>\n<\/table>\n","protected":false},"excerpt":{"rendered":"<p>O prazo de inscri\u00e7\u00f5es\u00a0no processo seletivo para ingresso em cursos t\u00e9cnicos integrados ao ensino m\u00e9dio&#8230;<\/p>\n","protected":false},"author":9,"featured_media":0,"comment_status":"closed","ping_status":"closed","sticky":false,"template":"","format":"standard","meta":{"footnotes":""},"categories":[10],"tags":[],"class_list":["post-11709876","post","type-post","status-publish","format-standard","hentry","category-educacao"],"_links":{"self":[{"href":"https:\/\/www.corumbaonline.com.br\/news\/wp-json\/wp\/v2\/posts\/11709876","targetHints":{"allow":["GET"]}}],"collection":[{"href":"https:\/\/www.corumbaonline.com.br\/news\/wp-json\/wp\/v2\/posts"}],"about":[{"href":"https:\/\/www.corumbaonline.com.br\/news\/wp-json\/wp\/v2\/types\/post"}],"author":[{"embeddable":true,"href":"https:\/\/www.corumbaonline.com.br\/news\/wp-json\/wp\/v2\/users\/9"}],"replies":[{"embeddable":true,"href":"https:\/\/www.corumbaonline.com.br\/news\/wp-json\/wp\/v2\/comments?post=11709876"}],"version-history":[{"count":1,"href":"https:\/\/www.corumbaonline.com.br\/news\/wp-json\/wp\/v2\/posts\/11709876\/revisions"}],"predecessor-version":[{"id":11709877,"href":"https:\/\/www.corumbaonline.com.br\/news\/wp-json\/wp\/v2\/posts\/11709876\/revisions\/11709877"}],"wp:attachment":[{"href":"https:\/\/www.corumbaonline.com.br\/news\/wp-json\/wp\/v2\/media?parent=11709876"}],"wp:term":[{"taxonomy":"category","embeddable":true,"href":"https:\/\/www.corumbaonline.com.br\/news\/wp-json\/wp\/v2\/categories?post=11709876"},{"taxonomy":"post_tag","embeddable":true,"href":"https:\/\/www.corumbaonline.com.br\/news\/wp-json\/wp\/v2\/tags?post=11709876"}],"curies":[{"name":"wp","href":"https:\/\/api.w.org\/{rel}","templated":true}]}}