{"id":11709982,"date":"2020-11-06T10:18:00","date_gmt":"2020-11-06T14:18:00","guid":{"rendered":"http:\/\/www.corumbaonline.com.br\/news\/?p=11709982"},"modified":"2020-11-06T10:58:49","modified_gmt":"2020-11-06T14:58:49","slug":"ifms-altera-cronograma-de-selecao-para-cursos-tecnicos-integrados","status":"publish","type":"post","link":"https:\/\/www.corumbaonline.com.br\/news\/ifms-altera-cronograma-de-selecao-para-cursos-tecnicos-integrados\/","title":{"rendered":"IFMS altera cronograma de sele\u00e7\u00e3o para cursos t\u00e9cnicos integrados"},"content":{"rendered":"<p>O Instituto Federal de Mato Grosso do Sul (IFMS) alterou o cronograma do processo seletivo para ingresso em cursos t\u00e9cnicos integrados ao ensino m\u00e9dio no primeiro semestre de 2021.<\/p>\n<p>A\u00a0<a title=\"retifica\u00e7\u00e3o\" href=\"http:\/\/www.ifms.edu.br:9000\/lists\/lt.php?tid=KxlRBlIOVVECV0tTBAAETlBUBFFOAAldBRsNXgcLBgBQAQIFVw8fB1FVVQBVAwNOUQMFUk4NAA1XGwBTAldPU1dVAVBUW1AJAFhQH1ICAwYCUlcDTghaXAYbDFZQBk8JVlZUH1AKVgBWAgNWVAIABw\" target=\"_blank\" rel=\"noopener noreferrer\">retifica\u00e7\u00e3o<\/a>\u00a0foi publicada na\u00a0<a title=\"Central de Sele\u00e7\u00e3o do IFMS\" href=\"http:\/\/www.ifms.edu.br:9000\/lists\/lt.php?tid=KxlWB11dWlQCBEtRU1VQTlAEVFBOAA0NBhsIBFEABFVTXAFUXQEfB1FVVQBVAwNOUQMFUk4NAA1XGwBTAldPU1dVAVBUW1AJAFhQH1ICAwYCUlcDTghaXAYbDFZQBk8JVlZUH1AKVgBWAgNWVAIABw\" target=\"_blank\" rel=\"noopener noreferrer\">Central de Sele\u00e7\u00e3o do IFMS<\/a>, nessa quinta-feira, 5.<\/p>\n<p>De acordo com o novo cronograma, o per\u00edodo de\u00a0an\u00e1lise dos dados das inscri\u00e7\u00e3o e do hist\u00f3rico escolar se encerra no dia\u00a0<strong>16 de novembro<\/strong>. No dia seguinte,\u00a0<strong>17 de novembro<\/strong>, ser\u00e1 divulgada a lista preliminar de inscri\u00e7\u00f5es deferidas e indeferidas.<\/p>\n<p>Outra novidade \u00e9 que o per\u00edodo de corre\u00e7\u00e3o de dados das inscri\u00e7\u00f5es indeferidas foi ampliado. Os candidatos nessa condi\u00e7\u00e3o poder\u00e3o corrigir as informa\u00e7\u00f5es, na Central de Sele\u00e7\u00e3o, entre os dias\u00a0<strong>18 e 24 de novembro<\/strong>.<\/p>\n<p>Nesse mesmo per\u00edodo, candidatos que precisarem de ajuda\u00a0para fazer a corre\u00e7\u00e3o de dados nas inscri\u00e7\u00f5es poder\u00e3o ser atendidos presencialmente nos campi do IFMS.<\/p>\n<p>As outras datas do processo seletivo permanecem inalteradas. O resultado final e a primeira chamada ser\u00e3o publicados no dia 8 de janeiro, com matr\u00edculas\u00a0entre os dias 12 e 14 do mesmo m\u00eas.<\/p>\n<p><strong>Sele\u00e7\u00e3o<\/strong>\u00a0&#8211; O IFMS abriu\u00a01.520 vagas para 11 op\u00e7\u00f5es de cursos em Aquidauana, Campo Grande, Corumb\u00e1, Coxim, Dourados, Jardim, Navira\u00ed, Nova Andradina, Ponta Por\u00e3 e Tr\u00eas Lagoas. O prazo de inscri\u00e7\u00f5es terminou no \u00faltimo dia 4.<\/p>\n<p>Para ter a inscri\u00e7\u00e3o deferida, o candidato deve ter o ensino fundamental completo at\u00e9 a data de matr\u00edcula, prevista para janeiro de 2021, e possuir Cadastro de Pessoa F\u00edsica (CPF) em seu nome.<\/p>\n<p>A sele\u00e7\u00e3o ser\u00e1 feita com base nas notas que o candidato obteve em L\u00edngua Portuguesa, Matem\u00e1tica, Ci\u00eancias, Hist\u00f3ria e Geografia no 8\u00ba ano do ensino fundamental.<\/p>\n<p>Candidatos que informaram, no ato da inscri\u00e7\u00e3o, a op\u00e7\u00e3o de benefici\u00e1rio de a\u00e7\u00e3o afirmativa (cotista) dever\u00e3o comprovar essa condi\u00e7\u00e3o no ato da matr\u00edcula, caso sejam aprovados no processo seletivo. Aquele que n\u00e3o fizer a comprova\u00e7\u00e3o\u00a0perder\u00e1 a vaga e ser\u00e1 reclassificados em lista de espera.<\/p>\n<p>Os candidatos que se autodeclararam pretos ou pardos dever\u00e3o passar por uma banca de heteroidentifica\u00e7\u00e3o, entre os dias 10 e 23 de dezembro, para constata\u00e7\u00e3o da veracidade da autodeclara\u00e7\u00e3o.<\/p>\n","protected":false},"excerpt":{"rendered":"<p>O Instituto Federal de Mato Grosso do Sul (IFMS) alterou o cronograma do processo seletivo&#8230;<\/p>\n","protected":false},"author":9,"featured_media":0,"comment_status":"closed","ping_status":"closed","sticky":false,"template":"","format":"standard","meta":{"footnotes":""},"categories":[10],"tags":[],"class_list":["post-11709982","post","type-post","status-publish","format-standard","hentry","category-educacao"],"_links":{"self":[{"href":"https:\/\/www.corumbaonline.com.br\/news\/wp-json\/wp\/v2\/posts\/11709982","targetHints":{"allow":["GET"]}}],"collection":[{"href":"https:\/\/www.corumbaonline.com.br\/news\/wp-json\/wp\/v2\/posts"}],"about":[{"href":"https:\/\/www.corumbaonline.com.br\/news\/wp-json\/wp\/v2\/types\/post"}],"author":[{"embeddable":true,"href":"https:\/\/www.corumbaonline.com.br\/news\/wp-json\/wp\/v2\/users\/9"}],"replies":[{"embeddable":true,"href":"https:\/\/www.corumbaonline.com.br\/news\/wp-json\/wp\/v2\/comments?post=11709982"}],"version-history":[{"count":1,"href":"https:\/\/www.corumbaonline.com.br\/news\/wp-json\/wp\/v2\/posts\/11709982\/revisions"}],"predecessor-version":[{"id":11709983,"href":"https:\/\/www.corumbaonline.com.br\/news\/wp-json\/wp\/v2\/posts\/11709982\/revisions\/11709983"}],"wp:attachment":[{"href":"https:\/\/www.corumbaonline.com.br\/news\/wp-json\/wp\/v2\/media?parent=11709982"}],"wp:term":[{"taxonomy":"category","embeddable":true,"href":"https:\/\/www.corumbaonline.com.br\/news\/wp-json\/wp\/v2\/categories?post=11709982"},{"taxonomy":"post_tag","embeddable":true,"href":"https:\/\/www.corumbaonline.com.br\/news\/wp-json\/wp\/v2\/tags?post=11709982"}],"curies":[{"name":"wp","href":"https:\/\/api.w.org\/{rel}","templated":true}]}}