{"id":11709993,"date":"2020-11-09T08:10:00","date_gmt":"2020-11-09T12:10:00","guid":{"rendered":"http:\/\/www.corumbaonline.com.br\/news\/?p=11709993"},"modified":"2020-11-09T09:56:50","modified_gmt":"2020-11-09T13:56:50","slug":"biden-comeca-a-planejar-governo-trabalho-tem-inicio-imediatamente","status":"publish","type":"post","link":"https:\/\/www.corumbaonline.com.br\/news\/biden-comeca-a-planejar-governo-trabalho-tem-inicio-imediatamente\/","title":{"rendered":"Biden come\u00e7a a planejar governo: &#8220;Trabalho tem in\u00edcio imediatamente&#8221;"},"content":{"rendered":"<p>Um dia depois de conquistar a Presid\u00eancia dos Estados Unidos (EUA), o democrata Joe Biden e seus assessores trabalharam nesse\u00a0domingo\u00a0(8) sobre como lidar com a crise do novo coronav\u00edrus, ao mesmo tempo em que refor\u00e7aram a inten\u00e7\u00e3o de contornar as enormes divis\u00f5es pol\u00edticas no pa\u00eds.<img decoding=\"async\" src=\"https:\/\/agenciabrasil.ebc.com.br\/ebc.png?id=1392631&amp;o=node\" \/><img decoding=\"async\" src=\"https:\/\/agenciabrasil.ebc.com.br\/ebc.gif?id=1392631&amp;o=node\" \/><\/p>\n<p>O republicano Donald Trump, primeiro presidente em exerc\u00edcio dos EUA a perder uma disputa \u00e0 reelei\u00e7\u00e3o em 28 anos, n\u00e3o deu nenhuma indica\u00e7\u00e3o de admitir a derrota, enquanto sua equipe eleitoral avan\u00e7ava com disputas jur\u00eddicas contra o resultado.<\/p>\n<p>Em demonstra\u00e7\u00e3o da dif\u00edcil batalha que Biden enfrentar\u00e1 depois de assumir o cargo em\u00a020 de janeiro, no trabalho com parlamentares do partido de Trump, os principais republicanos no Congresso ainda n\u00e3o haviam reconhecido o ex-vice-presidente como vencedor.<\/p>\n<p>Em discurso em seu estado natal, Delaware, na noite de\u00a0s\u00e1bado\u00a0(7), Biden enviou\u00a0 mensagem de unidade e concilia\u00e7\u00e3o, declarando que \u00e9 &#8220;hora de curar&#8221; o pa\u00eds e de alcan\u00e7ar norte-americanos que votaram em Trump e republicanos no Congresso.<\/p>\n<p>&#8220;O trabalho come\u00e7a imediatamente&#8221;, disse a vice-gerente de campanha de Biden, Kate Bedingfield, no\u00a0domingo, ao programa Meet the Press, da NBC.<\/p>\n<p>Biden deixou claro, no\u00a0s\u00e1bado, que combater a pandemia \u00e9 uma prioridade. Bedingfield disse que Biden planeja lan\u00e7ar uma for\u00e7a-tarefa contra o novo coronav\u00edrus nesta\u00a0segunda-feira (9) para tra\u00e7ar o caminho a seguir, liderada pelo ex-cirurgi\u00e3o-geral Vivek Murthy e pelo ex-comiss\u00e1rio da Food and Drug Administration David Kessler.<\/p>\n<p>Ao abordar a pandemia, Biden prometeu melhorar o acesso aos testes e, ao contr\u00e1rio de Trump, acatar os conselhos de cientistas e importantes autoridades da sa\u00fade p\u00fablica.<\/p>\n<p>Cerca de 10 milh\u00f5es de norte-americanos que perderam o emprego durante o confinamento permanecem inativos, e os programas de ajuda federal expiraram.<\/p>\n<p>Biden e seus assessores tamb\u00e9m seguir\u00e3o em frente com o trabalho de escolha das autoridades que far\u00e3o parte do governo.<\/p>\n<p>&#8220;Ele vai come\u00e7ar o trabalho de transi\u00e7\u00e3o para valer esta semana&#8221;, afirmou Bedingfield. &#8220;Ele far\u00e1 an\u00fancios ao povo americano sobre como vai cumprir essas promessas de campanha.&#8221;<\/p>\n<p>Bedingfield acrescentou que Biden vai &#8220;realizar um mandato para unir o pa\u00eds &#8211; para unificar, baixar a temperatura, deixar de lado a dura ret\u00f3rica da campanha e realizar o \u00e1rduo trabalho de governar&#8221;.<\/p>\n","protected":false},"excerpt":{"rendered":"<p>Um dia depois de conquistar a Presid\u00eancia dos Estados Unidos (EUA), o democrata Joe Biden&#8230;<\/p>\n","protected":false},"author":4,"featured_media":0,"comment_status":"closed","ping_status":"closed","sticky":false,"template":"","format":"standard","meta":{"footnotes":""},"categories":[15],"tags":[],"class_list":["post-11709993","post","type-post","status-publish","format-standard","hentry","category-internacional"],"_links":{"self":[{"href":"https:\/\/www.corumbaonline.com.br\/news\/wp-json\/wp\/v2\/posts\/11709993","targetHints":{"allow":["GET"]}}],"collection":[{"href":"https:\/\/www.corumbaonline.com.br\/news\/wp-json\/wp\/v2\/posts"}],"about":[{"href":"https:\/\/www.corumbaonline.com.br\/news\/wp-json\/wp\/v2\/types\/post"}],"author":[{"embeddable":true,"href":"https:\/\/www.corumbaonline.com.br\/news\/wp-json\/wp\/v2\/users\/4"}],"replies":[{"embeddable":true,"href":"https:\/\/www.corumbaonline.com.br\/news\/wp-json\/wp\/v2\/comments?post=11709993"}],"version-history":[{"count":1,"href":"https:\/\/www.corumbaonline.com.br\/news\/wp-json\/wp\/v2\/posts\/11709993\/revisions"}],"predecessor-version":[{"id":11709994,"href":"https:\/\/www.corumbaonline.com.br\/news\/wp-json\/wp\/v2\/posts\/11709993\/revisions\/11709994"}],"wp:attachment":[{"href":"https:\/\/www.corumbaonline.com.br\/news\/wp-json\/wp\/v2\/media?parent=11709993"}],"wp:term":[{"taxonomy":"category","embeddable":true,"href":"https:\/\/www.corumbaonline.com.br\/news\/wp-json\/wp\/v2\/categories?post=11709993"},{"taxonomy":"post_tag","embeddable":true,"href":"https:\/\/www.corumbaonline.com.br\/news\/wp-json\/wp\/v2\/tags?post=11709993"}],"curies":[{"name":"wp","href":"https:\/\/api.w.org\/{rel}","templated":true}]}}