{"id":11710047,"date":"2020-11-10T11:16:00","date_gmt":"2020-11-10T15:16:00","guid":{"rendered":"http:\/\/www.corumbaonline.com.br\/news\/?p=11710047"},"modified":"2020-11-10T12:15:01","modified_gmt":"2020-11-10T16:15:01","slug":"ifms-abre-semana-do-meio-ambiente-nesta-quarta-feira","status":"publish","type":"post","link":"https:\/\/www.corumbaonline.com.br\/news\/ifms-abre-semana-do-meio-ambiente-nesta-quarta-feira\/","title":{"rendered":"IFMS abre Semana do Meio Ambiente nesta quarta-feira"},"content":{"rendered":"<p dir=\"ltr\">O Instituto Federal de Mato Grosso do Sul (IFMS) abre nesta quarta-feira, 11, a edi\u00e7\u00e3o 2020 da Semana do Meio Ambiente. O evento ser\u00e1 realizado de forma virtual, com\u00a0uma s\u00e9rie de atividades que abrangem a tem\u00e1tica ambiental.<\/p>\n<p dir=\"ltr\">A programa\u00e7\u00e3o completa est\u00e1 dispon\u00edvel na\u00a0<a title=\"p\u00e1gina da Semana\" href=\"http:\/\/www.ifms.edu.br:9000\/lists\/lt.php?tid=KxkHVAMKWgBXVEsFDlRVTlAEBlpOWwteABsNAlEAUAEHUQAGUlsfAlNTVFQBB1JOVwBRV04NWQkFGwFTVApPUFZUBFQADFYHVwdXH1ICAwYCUlcDTghaXAYbDFZQBk8JVlZUH1AKVgBWAgNWVAIABw\" target=\"_blank\" rel=\"noopener noreferrer\">p\u00e1gina da Semana<\/a>, e inclui palestras, mesas-redondas, oficinas e minicursos.<\/p>\n<p dir=\"ltr\">Os interessados devem\u00a0fazer o cadastro na p\u00e1gina do evento e a inscri\u00e7\u00e3o para as atividades que pretendem participar. Diariamente, o cadastrado receber\u00e1 um e-mail com as atividades previstas e os respectivos links de acesso, que estar\u00e3o disponibilizados tamb\u00e9m na \u201c\u00e1rea do inscrito\u201d.<\/p>\n<p dir=\"ltr\">A p\u00e1gina do evento traz ainda uma\u00a0<a title=\"se\u00e7\u00e3o com programa\u00e7\u00e3o livre\" href=\"http:\/\/www.ifms.edu.br:9000\/lists\/lt.php?tid=KxkNVF1bAQYFVEsAU1BTTlBSAldOAFoBAhsIBwEAA1VSBlYDBFwfAlNTVFQBB1JOVwBRV04NWQkFGwFTVApPUFZUBFQADFYHVwdXH1ICAwYCUlcDTghaXAYbDFZQBk8JVlZUH1AKVgBWAgNWVAIABw\" target=\"_blank\" rel=\"noopener noreferrer\">se\u00e7\u00e3o com programa\u00e7\u00e3o livre<\/a>. S\u00e3o\u00a0atividades que n\u00e3o necessitam de inscri\u00e7\u00e3o pr\u00e9via para participa\u00e7\u00e3o, bastando o interessado acessar o conte\u00fado disponibilizado.<\/p>\n<p dir=\"ltr\">O evento \u00e9 organizado pela Pr\u00f3-Reitoria de Extens\u00e3o (Proex) e por nove campi da institui\u00e7\u00e3o: Aquidauana, Campo Grande, Corumb\u00e1, Coxim, Dourados, Jardim, Navira\u00ed, Ponta Por\u00e3 e Tr\u00eas Lagoas.<\/p>\n<p dir=\"ltr\"><strong>Programa\u00e7\u00e3o\u00a0<\/strong>&#8211; A\u00a0<a title=\"abertura do evento\" href=\"http:\/\/www.ifms.edu.br:9000\/lists\/lt.php?tid=KxlUUVJdWwZUVksADlcHTlBQBVJOWF5eBxsAVQsABAUAUlELAQwfAlNTVFQBB1JOVwBRV04NWQkFGwFTVApPUFZUBFQADFYHVwdXH1ICAwYCUlcDTghaXAYbDFZQBk8JVlZUH1AKVgBWAgNWVAIABw\" target=\"_blank\" rel=\"noopener noreferrer\">abertura do evento<\/a>\u00a0ser\u00e1 realizada a partir das 8 horas, com apresenta\u00e7\u00f5es culturais, seguidas da participa\u00e7\u00e3o do l\u00edder ind\u00edgena, ambientalista e escritor Ailton Krenak. A programa\u00e7\u00e3o segue com palestras sobre combate a inc\u00eandios, comunica\u00e7\u00e3o socioambiental, gest\u00e3o de recursos h\u00eddricos, entre outros temas.<\/p>\n<p dir=\"ltr\"><a title=\"Na quinta-feira, 12\" href=\"http:\/\/www.ifms.edu.br:9000\/lists\/lt.php?tid=KxkCU1UJUlNUUktTUVIBTlBRAgROAVldBxsKB1EHB1ABVQYHBA0fAlNTVFQBB1JOVwBRV04NWQkFGwFTVApPUFZUBFQADFYHVwdXH1ICAwYCUlcDTghaXAYbDFZQBk8JVlZUH1AKVgBWAgNWVAIABw\" target=\"_blank\" rel=\"noopener noreferrer\">Na quinta-feira, 12<\/a>, ser\u00e3o debatidos assuntos como agroecologia, produ\u00e7\u00e3o org\u00e2nica, saneamento ambiental e pol\u00edticas p\u00fablicas ambientais. Os minicursos abordam diversos temas, como as Plantas Aliment\u00edcias N\u00e3o-Convencionais (PANCs).<\/p>\n<p dir=\"ltr\">No \u00faltimo dia do evento,\u00a0<a title=\"sexta-feira, 13\" href=\"http:\/\/www.ifms.edu.br:9000\/lists\/lt.php?tid=KxlUVgAMBwlbUktVVAdWTlBXBlJOWFlaDxtZX1QKVgNQU1EHVl0fAlNTVFQBB1JOVwBRV04NWQkFGwFTVApPUFZUBFQADFYHVwdXH1ICAwYCUlcDTghaXAYbDFZQBk8JVlZUH1AKVgBWAgNWVAIABw\" target=\"_blank\" rel=\"noopener noreferrer\">sexta-feira, 13<\/a>, a programa\u00e7\u00e3o prev\u00ea temas transversais alinhados \u00e0 quest\u00e3o ambiental, dentre os quais vis\u00e3o computacional, fotografia, consumo consciente, biosemi\u00f3tica, entre outros.<\/p>\n<p dir=\"ltr\"><strong>Semana do Meio Ambiente\u00a0<\/strong>&#8211; \u00c9 um evento promovido anualmente pelo IFMS, em alus\u00e3o ao Dia Mundial do Meio Ambiente, celebrado em 5 de junho. Esta edi\u00e7\u00e3o, em virtude da pandemia, foi adiada para novembro, sendo realizada de forma paralela ao\u00a0<a title=\"Festival de Arte e Cultura do IFMS\" href=\"http:\/\/www.ifms.edu.br:9000\/lists\/lt.php?tid=KxkFAVZaAgdbV0tbD1YHTlBXUABOWA9ZVRsJAlZXVgMCAQwAVlofAlNTVFQBB1JOVwBRV04NWQkFGwFTVApPUFZUBFQADFYHVwdXH1ICAwYCUlcDTghaXAYbDFZQBk8JVlZUH1AKVgBWAgNWVAIABw\" target=\"_blank\" rel=\"noopener noreferrer\">Festival de Arte e Cultura do IFMS<\/a>.<\/p>\n<p dir=\"ltr\">Desde 2016, o IFMS passou a apoiar financeiramente os campi para a realiza\u00e7\u00e3o do evento com a viabiliza\u00e7\u00e3o do aux\u00edlio previsto no\u00a0<a title=\"Programa Institucional de Incentivo ao Ensino, Extens\u00e3o, Pesquisa e Inova\u00e7\u00e3o (Piepi)\" href=\"http:\/\/www.ifms.edu.br:9000\/lists\/lt.php?tid=KxkCBgQOAgFVVUtTDlUATlAHU1NOWFwABxtdVVYHWwlaVwEAB1kfAlNTVFQBB1JOVwBRV04NWQkFGwFTVApPUFZUBFQADFYHVwdXH1ICAwYCUlcDTghaXAYbDFZQBk8JVlZUH1AKVgBWAgNWVAIABw\" target=\"_blank\" rel=\"noopener noreferrer\">Programa Institucional de Incentivo ao Ensino, Extens\u00e3o, Pesquisa e Inova\u00e7\u00e3o (Piepi)<\/a>.<\/p>\n<p dir=\"ltr\">Este ano, oito campi foram contemplados pelo\u00a0<a title=\"edital de fomento\" href=\"http:\/\/www.ifms.edu.br:9000\/lists\/lt.php?tid=KxlRCgcAUlNaAktWAQNWTlBXA1dOAA8AAxteBVACAwlXAQQLBA8fAlNTVFQBB1JOVwBRV04NWQkFGwFTVApPUFZUBFQADFYHVwdXH1ICAwYCUlcDTghaXAYbDFZQBk8JVlZUH1AKVgBWAgNWVAIABw\" target=\"_blank\" rel=\"noopener noreferrer\">edital de fomento<\/a>: Aquidauana, Campo Grande, Coxim, Jardim, Navira\u00ed, Ponta Por\u00e3 e Tr\u00eas Lagoas e Nova Andradina, que ap\u00f3s a divulga\u00e7\u00e3o do resultado final decidiu n\u00e3o realizar o evento. Cada uma das sete unidades participantes recebeu o valor de R$ 2 mil para o custeio das atividades propostas.<\/p>\n","protected":false},"excerpt":{"rendered":"<p>O Instituto Federal de Mato Grosso do Sul (IFMS) abre nesta quarta-feira, 11, a edi\u00e7\u00e3o&#8230;<\/p>\n","protected":false},"author":9,"featured_media":0,"comment_status":"closed","ping_status":"closed","sticky":false,"template":"","format":"standard","meta":{"footnotes":""},"categories":[10],"tags":[],"class_list":["post-11710047","post","type-post","status-publish","format-standard","hentry","category-educacao"],"_links":{"self":[{"href":"https:\/\/www.corumbaonline.com.br\/news\/wp-json\/wp\/v2\/posts\/11710047","targetHints":{"allow":["GET"]}}],"collection":[{"href":"https:\/\/www.corumbaonline.com.br\/news\/wp-json\/wp\/v2\/posts"}],"about":[{"href":"https:\/\/www.corumbaonline.com.br\/news\/wp-json\/wp\/v2\/types\/post"}],"author":[{"embeddable":true,"href":"https:\/\/www.corumbaonline.com.br\/news\/wp-json\/wp\/v2\/users\/9"}],"replies":[{"embeddable":true,"href":"https:\/\/www.corumbaonline.com.br\/news\/wp-json\/wp\/v2\/comments?post=11710047"}],"version-history":[{"count":1,"href":"https:\/\/www.corumbaonline.com.br\/news\/wp-json\/wp\/v2\/posts\/11710047\/revisions"}],"predecessor-version":[{"id":11710048,"href":"https:\/\/www.corumbaonline.com.br\/news\/wp-json\/wp\/v2\/posts\/11710047\/revisions\/11710048"}],"wp:attachment":[{"href":"https:\/\/www.corumbaonline.com.br\/news\/wp-json\/wp\/v2\/media?parent=11710047"}],"wp:term":[{"taxonomy":"category","embeddable":true,"href":"https:\/\/www.corumbaonline.com.br\/news\/wp-json\/wp\/v2\/categories?post=11710047"},{"taxonomy":"post_tag","embeddable":true,"href":"https:\/\/www.corumbaonline.com.br\/news\/wp-json\/wp\/v2\/tags?post=11710047"}],"curies":[{"name":"wp","href":"https:\/\/api.w.org\/{rel}","templated":true}]}}