{"id":11710060,"date":"2020-11-11T08:40:00","date_gmt":"2020-11-11T12:40:00","guid":{"rendered":"http:\/\/www.corumbaonline.com.br\/news\/?p=11710060"},"modified":"2020-11-11T16:42:05","modified_gmt":"2020-11-11T20:42:05","slug":"ifms-promove-edicao-virtual-do-festival-de-arte-e-cultura","status":"publish","type":"post","link":"https:\/\/www.corumbaonline.com.br\/news\/ifms-promove-edicao-virtual-do-festival-de-arte-e-cultura\/","title":{"rendered":"IFMS promove edi\u00e7\u00e3o virtual do Festival de Arte e Cultura"},"content":{"rendered":"<p>Nesta quarta-feira, 11, o Instituto Federal de Mato Grosso do Sul (IFMS) inicia a edi\u00e7\u00e3o 2020 do Festival de Arte e Cultura. O evento ocorrer\u00e1 pela primeira vez em ambiente virtual, em decorr\u00eancia da pandemia do novo coronav\u00edrus.<\/p>\n<p>A programa\u00e7\u00e3o, dispon\u00edvel na\u00a0<a title=\"p\u00e1gina do Festival\" href=\"http:\/\/www.ifms.edu.br:9000\/lists\/lt.php?tid=KxkDBlYLUgRXUktWAFZVTlBVUwdOWwgPBxsLBQYLBwZaAAIFBAgfB1pYUVYEBVdOAgYHBk4NAQFUGwBWV1ZPBAVXBFYDDVQJAVBVH1ICAwYCUlcDTghaXAYbDFZQBk8JVlZUH1AKVgBWAgNWVAIABw\" target=\"_blank\" rel=\"noopener noreferrer\">p\u00e1gina do Festival<\/a>, inclui diversas atra\u00e7\u00f5es art\u00edsticas e culturais, como exposi\u00e7\u00f5es, oficinas, desafios, concursos, mostras e palestras, voltadas a artes c\u00eanicas, audiovisual, m\u00fasica, literatura, artes visuais e dan\u00e7a.<\/p>\n<p>Todas as atividades s\u00e3o abertas a estudantes, servidores e \u00e0 comunidade externa.<\/p>\n<p>Parte das atra\u00e7\u00f5es ser\u00e1 transmitida ao vivo no\u00a0<a href=\"http:\/\/www.ifms.edu.br:9000\/lists\/lt.php?tid=KxkGUFEPVghSV0sCAVMHTlADU1VOWA4PUhsNAwUDB1VUXQZUUFofB1pYUVYEBVdOAgYHBk4NAQFUGwBWV1ZPBAVXBFYDDVQJAVBVH1ICAwYCUlcDTghaXAYbDFZQBk8JVlZUH1AKVgBWAgNWVAIABw\" target=\"_blank\" rel=\"noopener noreferrer\">canal do IFMS no Youtube<\/a>. Outras ser\u00e3o oferecidas em salas virtuais ou por meio de transmiss\u00f5es ao vivo realizadas pelos pr\u00f3prios campi.<\/p>\n<p><strong>Inscri\u00e7\u00f5es<\/strong>\u00a0\u2013 Algumas atividades s\u00e3o de\u00a0conte\u00fado livre, n\u00e3o necessitam de inscri\u00e7\u00e3o.<\/p>\n<p>Para as demais atra\u00e7\u00f5es, o interessado deve, inicialmente,\u00a0<a title=\"se cadastrar na p\u00e1gina do Festival\" href=\"http:\/\/www.ifms.edu.br:9000\/lists\/lt.php?tid=KxlXUQQAWgUAUksFB1lUTlBQUANOW1oBABsMU1dQBlVQAQZQXAEfB1pYUVYEBVdOAgYHBk4NAQFUGwBWV1ZPBAVXBFYDDVQJAVBVH1ICAwYCUlcDTghaXAYbDFZQBk8JVlZUH1AKVgBWAgNWVAIABw\" target=\"_blank\" rel=\"noopener noreferrer\">se cadastrar na p\u00e1gina do Festival<\/a>\u00a0e, posteriormente, escolher a atividade que pretende participar.<\/p>\n<p>No dia em que a atividade estiver programada, o inscrito receber\u00e1 um e-mail com o link para participar, que tamb\u00e9m estar\u00e1 dispon\u00edvel na p\u00e1gina do Festival algumas horas antes do in\u00edcio da atividade.<\/p>\n<p><strong>Programa\u00e7\u00e3o<\/strong>\u00a0\u2013 A abertura oficial do evento ser\u00e1 realizada \u00e0s 16 horas, com a apresenta\u00e7\u00e3o \u201cDan\u00e7a do ventre em solo sul-mato-grossense\u201d, promovida pelo Campus Coxim, sob a coordena\u00e7\u00e3o da professora Ingrid Farah.<\/p>\n<p>Ainda no primeiro dia est\u00e3o previstas oficinas, exposi\u00e7\u00f5es e festivais voltados a temas como cinema, popula\u00e7\u00e3o ind\u00edgena e ao personagem Pantera Negra, al\u00e9m de obras de Manoel de Barros e Albert Camus.<\/p>\n<p>A programa\u00e7\u00e3o segue at\u00e9 sexta-feira, 13, com destaque para diversas oficinas art\u00edsticas e palestras que abordar\u00e3o perspectivas para a arte ind\u00edgena e afro-brasileira.<\/p>\n<p>O evento se encerra com o \u201cMostr\u00e3o Cultural\u201d, que come\u00e7ar\u00e1 \u00e0s 20 horas e ser\u00e1 organizado pelo Gr\u00eamio Magnativa do Campus Campo Grande.<\/p>\n<p><strong>Aux\u00edlio<\/strong>\u00a0\u2013 O evento \u00e9 organizado pelos campi Campo Grande, Corumb\u00e1, Coxim, Dourados, Jardim, Navira\u00ed e Ponta Por\u00e3, com o apoio da Pr\u00f3-Reitoria de Extens\u00e3o (Proex).<\/p>\n<p>Os sete campi foram contemplados\u00a0no edital de fomento \u00e0 realiza\u00e7\u00e3o do Festival de Arte e Cultura 2020. Dada um recebeu R$ 5 mil para o custeio das atividades. O recurso ser\u00e1 disponibilizado por meio de aux\u00edlios do\u00a0Programa Institucional de Incentivo ao Ensino, Extens\u00e3o, Pesquisa e Inova\u00e7\u00e3o (Piepi).<\/p>\n<p><strong>Festival\u00a0<\/strong>\u2013 Organizado desde 2016, o evento de extens\u00e3o visa incentivar a circula\u00e7\u00e3o da produ\u00e7\u00e3o art\u00edstica e cultural para promover o desenvolvimento social, despertando o interesse da sociedade para a\u00e7\u00f5es desenvolvidas no IFMS.<\/p>\n<p>O evento tem a comunidade externa como p\u00fablico-alvo e envolve estudantes do IFMS na organiza\u00e7\u00e3o.\u00a0Na\u00a0<a title=\"p\u00e1gina do Festival de Arte e Cultura\" href=\"http:\/\/www.ifms.edu.br:9000\/lists\/lt.php?tid=KxkAAQMMWghXBUtSVFMBTlBRUFFOAV4MUhsNVFZRWwBXVVEEVlwfB1pYUVYEBVdOAgYHBk4NAQFUGwBWV1ZPBAVXBFYDDVQJAVBVH1ICAwYCUlcDTghaXAYbDFZQBk8JVlZUH1AKVgBWAgNWVAIABw\" target=\"_blank\" rel=\"noopener noreferrer\">p\u00e1gina do Festival de Arte e Cultura<\/a>\u00a0\u00e9 poss\u00edvel conferir informa\u00e7\u00f5es e fotos das edi\u00e7\u00f5es anteriores.<\/p>\n","protected":false},"excerpt":{"rendered":"<p>Nesta quarta-feira, 11, o Instituto Federal de Mato Grosso do Sul (IFMS) inicia a edi\u00e7\u00e3o&#8230;<\/p>\n","protected":false},"author":9,"featured_media":0,"comment_status":"closed","ping_status":"closed","sticky":false,"template":"","format":"standard","meta":{"footnotes":""},"categories":[10],"tags":[],"class_list":["post-11710060","post","type-post","status-publish","format-standard","hentry","category-educacao"],"_links":{"self":[{"href":"https:\/\/www.corumbaonline.com.br\/news\/wp-json\/wp\/v2\/posts\/11710060","targetHints":{"allow":["GET"]}}],"collection":[{"href":"https:\/\/www.corumbaonline.com.br\/news\/wp-json\/wp\/v2\/posts"}],"about":[{"href":"https:\/\/www.corumbaonline.com.br\/news\/wp-json\/wp\/v2\/types\/post"}],"author":[{"embeddable":true,"href":"https:\/\/www.corumbaonline.com.br\/news\/wp-json\/wp\/v2\/users\/9"}],"replies":[{"embeddable":true,"href":"https:\/\/www.corumbaonline.com.br\/news\/wp-json\/wp\/v2\/comments?post=11710060"}],"version-history":[{"count":1,"href":"https:\/\/www.corumbaonline.com.br\/news\/wp-json\/wp\/v2\/posts\/11710060\/revisions"}],"predecessor-version":[{"id":11710061,"href":"https:\/\/www.corumbaonline.com.br\/news\/wp-json\/wp\/v2\/posts\/11710060\/revisions\/11710061"}],"wp:attachment":[{"href":"https:\/\/www.corumbaonline.com.br\/news\/wp-json\/wp\/v2\/media?parent=11710060"}],"wp:term":[{"taxonomy":"category","embeddable":true,"href":"https:\/\/www.corumbaonline.com.br\/news\/wp-json\/wp\/v2\/categories?post=11710060"},{"taxonomy":"post_tag","embeddable":true,"href":"https:\/\/www.corumbaonline.com.br\/news\/wp-json\/wp\/v2\/tags?post=11710060"}],"curies":[{"name":"wp","href":"https:\/\/api.w.org\/{rel}","templated":true}]}}