{"id":11710090,"date":"2020-11-12T08:57:00","date_gmt":"2020-11-12T12:57:00","guid":{"rendered":"http:\/\/www.corumbaonline.com.br\/news\/?p=11710090"},"modified":"2020-11-12T08:04:01","modified_gmt":"2020-11-12T12:04:01","slug":"arte-da-palavra-do-sesc-abre-inscricoes-para-oficina-de-formacao-de-novas-slammers","status":"publish","type":"post","link":"https:\/\/www.corumbaonline.com.br\/news\/arte-da-palavra-do-sesc-abre-inscricoes-para-oficina-de-formacao-de-novas-slammers\/","title":{"rendered":"Arte da Palavra do Sesc abre inscri\u00e7\u00f5es para oficina de Forma\u00e7\u00e3o de Novas Slammers"},"content":{"rendered":"<p>O Arte da Palavra, maior projeto de circula\u00e7\u00e3o de artistas da literatura realizado nacionalmente pelo Sesc, retomou seus circuitos em formato on-line no segundo semestre de 2020. E entre os dias 24 a 28 de novembro \u00e0s 19h, o Sesc Cultura realiza a &#8220;Forma\u00e7\u00e3o de novas poetas slammers&#8221; com a condu\u00e7\u00e3o da poeta Ticiane Sim\u00f5es, de Alagoas. A programa\u00e7\u00e3o \u00e9 voltada para mulheres acima de 16 anos e as inscri\u00e7\u00f5es gratuitas podem ser feitas clicando\u00a0<a href=\"https:\/\/forms.office.com\/Pages\/ResponsePage.aspx?id=XImBmguk6k-wA4c3ZBYFvBeYBhj7ImFLrjKVpCmGq8xUMTRJWUtMN08zSktIMUdJNUtFSUw4TzdPUS4u\" target=\"_blank\" rel=\"noopener noreferrer\">aqui<\/a>.<\/p>\n<p>Com carga total 20 horas, sendo 3 horas ao vivo pelo Teams e 2 horas de suporte online ao dia. O prop\u00f3sito \u00e9 estimular a cria\u00e7\u00e3o e aperfei\u00e7oamento da produ\u00e7\u00e3o de textos liter\u00e1rios e sua declama\u00e7\u00e3o, tomando como base discursiva as experi\u00eancias de vida de cada participante, abrindo espa\u00e7o para a den\u00fancia de g\u00eanero e permitindo uma viv\u00eancia de declama\u00e7\u00e3o em roda, rompendo o medo da fala em p\u00fablico.<\/p>\n<p>O foco est\u00e1 na constru\u00e7\u00e3o e performance po\u00e9tica em declama\u00e7\u00e3o de poesias autorais para mulheres e jovens meninas, com aplica\u00e7\u00e3o em tr\u00eas etapas: apresenta\u00e7\u00e3o, introdu\u00e7\u00e3o ao tema e feitura de poesias autorais performativas para batalhas de rua (Slam).<\/p>\n<p>Sobre Ticiane Sim\u00f5es &#8211; Atriz, Poeta e realizadora \u00c1udio Visual. S\u00f3cia fundadora do Ateli\u00ea Ambrosina, ONG para empoderamento de mulheres no estado de Alagoas. Poeta feminista pesquisadora e realizadora de forma\u00e7\u00f5es na constru\u00e7\u00e3o de poesia de rua com recorte de g\u00eanero (mulheres) e foco nas batalhas po\u00e9ticas, Slam das Minas.<\/p>\n","protected":false},"excerpt":{"rendered":"<p>O Arte da Palavra, maior projeto de circula\u00e7\u00e3o de artistas da literatura realizado nacionalmente pelo&#8230;<\/p>\n","protected":false},"author":9,"featured_media":0,"comment_status":"closed","ping_status":"closed","sticky":false,"template":"","format":"standard","meta":{"footnotes":""},"categories":[10],"tags":[],"class_list":["post-11710090","post","type-post","status-publish","format-standard","hentry","category-educacao"],"_links":{"self":[{"href":"https:\/\/www.corumbaonline.com.br\/news\/wp-json\/wp\/v2\/posts\/11710090","targetHints":{"allow":["GET"]}}],"collection":[{"href":"https:\/\/www.corumbaonline.com.br\/news\/wp-json\/wp\/v2\/posts"}],"about":[{"href":"https:\/\/www.corumbaonline.com.br\/news\/wp-json\/wp\/v2\/types\/post"}],"author":[{"embeddable":true,"href":"https:\/\/www.corumbaonline.com.br\/news\/wp-json\/wp\/v2\/users\/9"}],"replies":[{"embeddable":true,"href":"https:\/\/www.corumbaonline.com.br\/news\/wp-json\/wp\/v2\/comments?post=11710090"}],"version-history":[{"count":1,"href":"https:\/\/www.corumbaonline.com.br\/news\/wp-json\/wp\/v2\/posts\/11710090\/revisions"}],"predecessor-version":[{"id":11710091,"href":"https:\/\/www.corumbaonline.com.br\/news\/wp-json\/wp\/v2\/posts\/11710090\/revisions\/11710091"}],"wp:attachment":[{"href":"https:\/\/www.corumbaonline.com.br\/news\/wp-json\/wp\/v2\/media?parent=11710090"}],"wp:term":[{"taxonomy":"category","embeddable":true,"href":"https:\/\/www.corumbaonline.com.br\/news\/wp-json\/wp\/v2\/categories?post=11710090"},{"taxonomy":"post_tag","embeddable":true,"href":"https:\/\/www.corumbaonline.com.br\/news\/wp-json\/wp\/v2\/tags?post=11710090"}],"curies":[{"name":"wp","href":"https:\/\/api.w.org\/{rel}","templated":true}]}}