{"id":11710142,"date":"2020-11-16T09:10:00","date_gmt":"2020-11-16T13:10:00","guid":{"rendered":"http:\/\/www.corumbaonline.com.br\/news\/?p=11710142"},"modified":"2020-11-16T16:29:00","modified_gmt":"2020-11-16T20:29:00","slug":"pib-industrial-cresce-5-em-2018-e-alavanca-crescimento-economico-do-estado","status":"publish","type":"post","link":"https:\/\/www.corumbaonline.com.br\/news\/pib-industrial-cresce-5-em-2018-e-alavanca-crescimento-economico-do-estado\/","title":{"rendered":"PIB Industrial cresce 5% em 2018 e alavanca crescimento econ\u00f4mico do Estado"},"content":{"rendered":"<p class=\"x_MsoNormal\" style=\"margin-top: 14px; margin-bottom: 1.12em; padding: 0px; box-sizing: border-box; outline: none; unicode-bidi: embed; font-size: 14px; color: #333333; font-family: open-sans, Arial, Helvetica, Tahoma, sans-serif; line-height: 12pt;\"><span style=\"margin: 0px; padding: 0px; box-sizing: border-box; outline: none; font-size: 12pt; font-family: Arial, sans-serif;\">Dados regionais divulgados pelo IBGE (Instituto Brasileiro de Geografia e Estat\u00edstica) confirmam proje\u00e7\u00e3o feita pelo Radar Industrial da Fiems de crescimento de 5% do PIB Industrial de Mato Grosso do Sul em 2018, atingindo R$ 21,4 bilh\u00f5es, o que serviu para alavancar o PIB (Produto Interno Bruto) do Estado no mesmo per\u00edodo, que teve aumento de 2,5% e alcan\u00e7ou R$ 106,9 bilh\u00f5es.<\/span><\/p>\n<p class=\"x_MsoNormal\" style=\"margin-top: 14px; margin-bottom: 1.12em; padding: 0px; box-sizing: border-box; outline: none; unicode-bidi: embed; font-size: 14px; color: #333333; font-family: open-sans, Arial, Helvetica, Tahoma, sans-serif; line-height: 12pt;\"><span style=\"margin: 0px; padding: 0px; box-sizing: border-box; outline: none; font-size: 12pt; font-family: Arial, sans-serif;\">\u00a0<\/span><\/p>\n<p class=\"x_MsoNormal\" style=\"margin-top: 14px; margin-bottom: 1.12em; padding: 0px; box-sizing: border-box; outline: none; unicode-bidi: embed; font-size: 14px; color: #333333; font-family: open-sans, Arial, Helvetica, Tahoma, sans-serif; line-height: 12pt;\"><span style=\"margin: 0px; padding: 0px; box-sizing: border-box; outline: none; font-size: 12pt; font-family: Arial, sans-serif;\">O crescimento do PIB Industrial foi puxado devido \u00e0 atividade da ind\u00fastria de transforma\u00e7\u00e3o, que apresentou expans\u00e3o de 12%, gra\u00e7as \u00e0 ind\u00fastria frigor\u00edfica, \u00e0 ind\u00fastria de celulose e papel, \u00e0 ind\u00fastria sucroenerg\u00e9tica e \u00e0 ind\u00fastria de alimentos e bebidas. Esses quatro segmentos da ind\u00fastria, somados, respondem por mais de 70% do valor bruto da produ\u00e7\u00e3o industrial de Mato Grosso do Sul e por mais de 70 mil trabalhadores formalmente empregados, o que representa mais de 53% de todo emprego formal gerado pelo setor no Estado.<\/span><\/p>\n<p class=\"x_MsoNormal\" style=\"margin-top: 14px; margin-bottom: 1.12em; padding: 0px; box-sizing: border-box; outline: none; unicode-bidi: embed; font-size: 14px; color: #333333; font-family: open-sans, Arial, Helvetica, Tahoma, sans-serif; line-height: 12pt;\"><span style=\"margin: 0px; padding: 0px; box-sizing: border-box; outline: none; font-size: 12pt; font-family: Arial, sans-serif;\">\u00a0<\/span><\/p>\n<p class=\"x_MsoNormal\" style=\"margin-top: 14px; margin-bottom: 1.12em; padding: 0px; box-sizing: border-box; outline: none; unicode-bidi: embed; font-size: 14px; color: #333333; font-family: open-sans, Arial, Helvetica, Tahoma, sans-serif; line-height: 12pt;\"><span style=\"margin: 0px; padding: 0px; box-sizing: border-box; outline: none; font-size: 12pt; font-family: Arial, sans-serif;\">Segundo o presidente da Fiems, S\u00e9rgio Longen, os n\u00fameros demonstram que o trabalho para o desenvolvimento industrial em Mato Grosso do Sul vem se consolidando ano a ano. \u201cQuando se trabalha para fazer do setor industrial uma das principais matrizes econ\u00f4micas de Mato Grosso do Sul, como o Sistema Fiems tem feito, quer com a participa\u00e7\u00e3o do Governo do Estado, quer com a participa\u00e7\u00e3o das administra\u00e7\u00f5es municipais, e depois \u00e9 oficialmente reconhecido por isso com a divulga\u00e7\u00e3o de n\u00fameros t\u00e3o positivos, \u00e9 muito gratificante\u201d, avaliou.<\/span><\/p>\n<p class=\"x_MsoNormal\" style=\"margin-top: 14px; margin-bottom: 1.12em; padding: 0px; box-sizing: border-box; outline: none; unicode-bidi: embed; font-size: 14px; color: #333333; font-family: open-sans, Arial, Helvetica, Tahoma, sans-serif; line-height: 12pt;\"><span style=\"margin: 0px; padding: 0px; box-sizing: border-box; outline: none; font-size: 12pt; font-family: Arial, sans-serif;\">\u00a0<\/span><\/p>\n<p class=\"x_MsoNormal\" style=\"margin-top: 14px; margin-bottom: 1.12em; padding: 0px; box-sizing: border-box; outline: none; unicode-bidi: embed; font-size: 14px; color: #333333; font-family: open-sans, Arial, Helvetica, Tahoma, sans-serif; line-height: 12pt;\"><span style=\"margin: 0px; padding: 0px; box-sizing: border-box; outline: none; font-size: 12pt; font-family: Arial, sans-serif;\">S\u00e9rgio Longen completa que a divulga\u00e7\u00e3o do PIB Industrial oficial de 2018 e do PIB geral do Estado para o mesmo ano e a declara\u00e7\u00e3o do ministro da Economia, Paulo Guedes, de que o Pa\u00eds est\u00e1 saindo da recess\u00e3o s\u00e3o informa\u00e7\u00f5es que permitem projetar um 2021 ainda mais positivo. \u201cA declara\u00e7\u00e3o do ministro da Economia, Paulo Guedes, de que o Brasil j\u00e1 est\u00e1 saindo da recess\u00e3o, de certar forma, \u00e9 reconfortante para a ind\u00fastria porque ele est\u00e1 atento aos problemas que alguns setores ainda est\u00e3o enfrentando devido \u00e0 pandemia do novo coronav\u00edrus (Covid-19)\u201d, declarou.<\/span><\/p>\n<p class=\"x_MsoNormal\" style=\"margin-top: 14px; margin-bottom: 1.12em; padding: 0px; box-sizing: border-box; outline: none; unicode-bidi: embed; font-size: 14px; color: #333333; font-family: open-sans, Arial, Helvetica, Tahoma, sans-serif; line-height: 12pt;\"><span style=\"margin: 0px; padding: 0px; box-sizing: border-box; outline: none; font-size: 12pt; font-family: Arial, sans-serif;\">\u00a0<\/span><\/p>\n<p class=\"x_MsoNormal\" style=\"margin-top: 14px; margin-bottom: 1.12em; padding: 0px; box-sizing: border-box; outline: none; unicode-bidi: embed; font-size: 14px; color: #333333; font-family: open-sans, Arial, Helvetica, Tahoma, sans-serif; line-height: 12pt;\"><span style=\"margin: 0px; padding: 0px; box-sizing: border-box; outline: none; font-size: 12pt; font-family: Arial, sans-serif;\">Al\u00e9m disso, completa o l\u00edder industrial, o ministro garantiu que, caso tenhamos uma 2\u00aa onda da Covid-19, o Governo Federal vai estender os benef\u00edcios que trouxeram uma tranquilidade para todos os setores da economia, em especial, para o setor industrial ao longo deste ano. \u201cA atividade econ\u00f4mica brasileira j\u00e1 demonstrou que, principalmente no segundo semestre, conseguiu crescer apesar da pandemia, contribuindo para o fim da recess\u00e3o. L\u00f3gico que ainda estamos preocupados com o aumento da infla\u00e7\u00e3o devido ao reajuste de pre\u00e7os de v\u00e1rios produtos aliment\u00edcios e esperamos que o Governo Federal consiga administrar esse problema em 2021\u201d, pontuou.<\/span><\/p>\n<p class=\"x_MsoNormal\" style=\"margin-top: 14px; margin-bottom: 1.12em; padding: 0px; box-sizing: border-box; outline: none; unicode-bidi: embed; font-size: 14px; color: #333333; font-family: open-sans, Arial, Helvetica, Tahoma, sans-serif; line-height: 12pt;\"><span style=\"margin: 0px; padding: 0px; box-sizing: border-box; outline: none; font-size: 12pt; font-family: Arial, sans-serif;\">\u00a0<\/span><\/p>\n<p>O secret\u00e1rio estadual de Meio Ambiente, Desenvolvimento Econ\u00f4mico, Produ\u00e7\u00e3o e Agricultura Familiar, Jaime Verruck, destaca que o fato de o PIB do Estado ter crescido 2,5% em 2018 \u00e9 gra\u00e7as ao setor industrial. \u201cA quest\u00e3o do crescimento foi gra\u00e7as a toda estrutura que desenvolvemos no \u00e2mbito do Fadefe (Fundo de Apoio ao Desenvolvimento Econ\u00f4mico e de Equil\u00edbrio Fiscal do Estado). Criamos uma pol\u00edtica que deu seguran\u00e7a para todas as empresas de Mato Grosso do Sul, criamos um ambiente de neg\u00f3cio extremamente favor\u00e1vel e o Estado \u00e9 destaque nesse ambiente de neg\u00f3cio\u201d, afirmou.<\/p>\n<p>Para Jaime Verruck, isso resultou em investimento e principalmente demostrou que a pol\u00edtica industrial est\u00e1 funcionando em Mato Grosso do Sul. \u201cUm dos caminhos importantes para o desenvolvimento do Estado \u00e9 exatamente a ind\u00fastria de transforma\u00e7\u00e3o, que foi confirmada com os dados da ind\u00fastria de alimentos, que tem se destacado com as carnes de aves, de su\u00ednos e de bovinos, que mostram a consolida\u00e7\u00e3o e diversifica\u00e7\u00e3o do setor industrial sul-mato-grossense\u201d, argumentou.<\/p>\n<p>Ele informa que o PIB de Mato Grosso do Sul teve a 9\u00aa maior taxa de aumento para o per\u00edodo, passando a m\u00e9dia nacional em reflexo da pol\u00edtica de investimento na diversifica\u00e7\u00e3o da cadeia produtiva e industrializa\u00e7\u00e3o. Mato Grosso do Sul \u00e9 respons\u00e1vel por 15,4% do PIB do Centro-Oeste e de 1,5% do produto interno bruto brasileiro. Outro dado importante \u00e9 que em 2018, Mato Grosso do Sul alcan\u00e7ou a 7\u00aa posi\u00e7\u00e3o no ranking de PIB per capita, avan\u00e7ando uma casa em rela\u00e7\u00e3o aos anos anteriores. \u201cCom o PIB em R$ 106 bilh\u00f5es, a renda per capita atingiu os R$ 38,9 milh\u00f5es e pela popula\u00e7\u00e3o ser menor, significa que a renda dos moradores tem crescido\u201d, finalizou.<\/p>\n","protected":false},"excerpt":{"rendered":"<p>Dados regionais divulgados pelo IBGE (Instituto Brasileiro de Geografia e Estat\u00edstica) confirmam proje\u00e7\u00e3o feita pelo&#8230;<\/p>\n","protected":false},"author":9,"featured_media":11710143,"comment_status":"closed","ping_status":"closed","sticky":false,"template":"","format":"standard","meta":{"footnotes":""},"categories":[8,9],"tags":[],"class_list":["post-11710142","post","type-post","status-publish","format-standard","has-post-thumbnail","hentry","category-destaque","category-economia"],"_links":{"self":[{"href":"https:\/\/www.corumbaonline.com.br\/news\/wp-json\/wp\/v2\/posts\/11710142","targetHints":{"allow":["GET"]}}],"collection":[{"href":"https:\/\/www.corumbaonline.com.br\/news\/wp-json\/wp\/v2\/posts"}],"about":[{"href":"https:\/\/www.corumbaonline.com.br\/news\/wp-json\/wp\/v2\/types\/post"}],"author":[{"embeddable":true,"href":"https:\/\/www.corumbaonline.com.br\/news\/wp-json\/wp\/v2\/users\/9"}],"replies":[{"embeddable":true,"href":"https:\/\/www.corumbaonline.com.br\/news\/wp-json\/wp\/v2\/comments?post=11710142"}],"version-history":[{"count":1,"href":"https:\/\/www.corumbaonline.com.br\/news\/wp-json\/wp\/v2\/posts\/11710142\/revisions"}],"predecessor-version":[{"id":11710144,"href":"https:\/\/www.corumbaonline.com.br\/news\/wp-json\/wp\/v2\/posts\/11710142\/revisions\/11710144"}],"wp:featuredmedia":[{"embeddable":true,"href":"https:\/\/www.corumbaonline.com.br\/news\/wp-json\/wp\/v2\/media\/11710143"}],"wp:attachment":[{"href":"https:\/\/www.corumbaonline.com.br\/news\/wp-json\/wp\/v2\/media?parent=11710142"}],"wp:term":[{"taxonomy":"category","embeddable":true,"href":"https:\/\/www.corumbaonline.com.br\/news\/wp-json\/wp\/v2\/categories?post=11710142"},{"taxonomy":"post_tag","embeddable":true,"href":"https:\/\/www.corumbaonline.com.br\/news\/wp-json\/wp\/v2\/tags?post=11710142"}],"curies":[{"name":"wp","href":"https:\/\/api.w.org\/{rel}","templated":true}]}}