{"id":11710145,"date":"2020-11-16T09:24:00","date_gmt":"2020-11-16T13:24:00","guid":{"rendered":"http:\/\/www.corumbaonline.com.br\/news\/?p=11710145"},"modified":"2020-11-16T16:29:00","modified_gmt":"2020-11-16T20:29:00","slug":"auxilio-emergencial-e-creditado-para-36-milhoes-de-beneficiarios","status":"publish","type":"post","link":"https:\/\/www.corumbaonline.com.br\/news\/auxilio-emergencial-e-creditado-para-36-milhoes-de-beneficiarios\/","title":{"rendered":"Aux\u00edlio emergencial \u00e9 creditado para 3,6 milh\u00f5es de benefici\u00e1rios"},"content":{"rendered":"<p>O cr\u00e9dito do aux\u00edlio emergencial ser\u00e1 liberado hoje (16) para 3,6 milh\u00f5es de brasileiros nascidos em outubro. Os benefici\u00e1rios do ciclo 4 de pagamentos receber\u00e3o R$ 1,4 bilh\u00e3o distribu\u00eddo em suas contas da poupan\u00e7a social digital, informou a Caixa Econ\u00f4mica Federal.<img decoding=\"async\" src=\"https:\/\/agenciabrasil.ebc.com.br\/ebc.png?id=1393632&amp;o=node\" \/><img decoding=\"async\" src=\"https:\/\/agenciabrasil.ebc.com.br\/ebc.gif?id=1393632&amp;o=node\" \/><\/p>\n<p>Desse total, 660,1 mil receber\u00e3o R$ 432,6 milh\u00f5es referentes \u00e0s parcelas do aux\u00edlio emergencial. Os demais, 2,9 milh\u00f5es, ser\u00e3o contemplados com a segunda parcela do Aux\u00edlio Emergencial Extens\u00e3o, somando R$ 957,6 milh\u00f5es.<\/p>\n<p>A partir de hoje, os valores podem ser movimentados pelo aplicativo Caixa Tem para pagamento de boletos, compras na internet e pelas maquininhas em mais de um milh\u00e3o de estabelecimentos comerciais.<\/p>\n<p>O benef\u00edcio, criado em abril pelo governo federal, foi estendido at\u00e9 31 de dezembro por meio da Medida Provis\u00f3ria (MP) n\u00ba 1000.<\/p>\n<p>O Aux\u00edlio Emergencial Extens\u00e3o ser\u00e1 pago em at\u00e9 quatro parcelas de R$ 300 cada e, no caso das m\u00e3es chefes de fam\u00edlia monoparental, o valor \u00e9 de R$ 600.<\/p>\n<p>Saques e transfer\u00eancias para quem recebe o cr\u00e9dito nesta segunda-feira ser\u00e3o liberados a partir do dia 1\u00ba de dezembro.<\/p>\n","protected":false},"excerpt":{"rendered":"<p>O cr\u00e9dito do aux\u00edlio emergencial ser\u00e1 liberado hoje (16) para 3,6 milh\u00f5es de brasileiros nascidos&#8230;<\/p>\n","protected":false},"author":4,"featured_media":0,"comment_status":"closed","ping_status":"closed","sticky":false,"template":"","format":"standard","meta":{"footnotes":""},"categories":[9],"tags":[],"class_list":["post-11710145","post","type-post","status-publish","format-standard","hentry","category-economia"],"_links":{"self":[{"href":"https:\/\/www.corumbaonline.com.br\/news\/wp-json\/wp\/v2\/posts\/11710145","targetHints":{"allow":["GET"]}}],"collection":[{"href":"https:\/\/www.corumbaonline.com.br\/news\/wp-json\/wp\/v2\/posts"}],"about":[{"href":"https:\/\/www.corumbaonline.com.br\/news\/wp-json\/wp\/v2\/types\/post"}],"author":[{"embeddable":true,"href":"https:\/\/www.corumbaonline.com.br\/news\/wp-json\/wp\/v2\/users\/4"}],"replies":[{"embeddable":true,"href":"https:\/\/www.corumbaonline.com.br\/news\/wp-json\/wp\/v2\/comments?post=11710145"}],"version-history":[{"count":1,"href":"https:\/\/www.corumbaonline.com.br\/news\/wp-json\/wp\/v2\/posts\/11710145\/revisions"}],"predecessor-version":[{"id":11710146,"href":"https:\/\/www.corumbaonline.com.br\/news\/wp-json\/wp\/v2\/posts\/11710145\/revisions\/11710146"}],"wp:attachment":[{"href":"https:\/\/www.corumbaonline.com.br\/news\/wp-json\/wp\/v2\/media?parent=11710145"}],"wp:term":[{"taxonomy":"category","embeddable":true,"href":"https:\/\/www.corumbaonline.com.br\/news\/wp-json\/wp\/v2\/categories?post=11710145"},{"taxonomy":"post_tag","embeddable":true,"href":"https:\/\/www.corumbaonline.com.br\/news\/wp-json\/wp\/v2\/tags?post=11710145"}],"curies":[{"name":"wp","href":"https:\/\/api.w.org\/{rel}","templated":true}]}}