{"id":11710171,"date":"2020-11-17T08:22:00","date_gmt":"2020-11-17T12:22:00","guid":{"rendered":"http:\/\/www.corumbaonline.com.br\/news\/?p=11710171"},"modified":"2020-11-17T09:26:54","modified_gmt":"2020-11-17T13:26:54","slug":"prefeitura-oferece-capacitacao-para-servidores-que-atuam-como-fiscais-de-contrato","status":"publish","type":"post","link":"https:\/\/www.corumbaonline.com.br\/news\/prefeitura-oferece-capacitacao-para-servidores-que-atuam-como-fiscais-de-contrato\/","title":{"rendered":"Prefeitura oferece capacita\u00e7\u00e3o para servidores que atuam como fiscais de contrato"},"content":{"rendered":"<p style=\"border: 0px; font-size: 17px; margin-bottom: 1.6em; outline: 0px; padding: 0px; vertical-align: baseline; color: #808285; font-family: 'Roboto Condensed', sans-serif;\">A Prefeitura de Corumb\u00e1, por meio da Secretaria de Finan\u00e7as e Gest\u00e3o, est\u00e1 convocando todos os servidores municipais que atuam como Gestores e Fiscais de Contratos Administrativos, para efetuarem inscri\u00e7\u00e3o e realizarem o Curso de Gerenciamento de Riscos e as Fun\u00e7\u00f5es dos Fiscais dos Contratos (Defini\u00e7\u00e3o da mitiga\u00e7\u00e3o dos riscos com o aux\u00edlio dos fiscais dos contratos).<\/p>\n<p style=\"border: 0px; font-size: 17px; margin-top: 0px; margin-bottom: 1.6em; outline: 0px; padding: 0px; vertical-align: baseline; color: #808285; font-family: 'Roboto Condensed', sans-serif;\">A capacita\u00e7\u00e3o ser\u00e1 realizada no dia 26 de novembro, no Centro de Conven\u00e7\u00f5es do Pantanal. A ficha de inscri\u00e7\u00e3o, dispon\u00edvel no\u00a0<em style=\"border: 0px; font-weight: inherit; margin: 0px; outline: 0px; padding: 0px; vertical-align: baseline;\"><span style=\"border: 0px; font-style: inherit; font-weight: bold; margin: 0px; outline: 0px; padding: 0px; vertical-align: baseline;\"><a style=\"border: 0px; font-style: inherit; font-weight: inherit; margin: 0px; padding: 0px; vertical-align: baseline; background-color: transparent; text-decoration-line: none; color: #13505b; transition: all 0.2s linear 0s;\" href=\"http:\/\/do.corumba.ms.gov.br\/portal\/edicoes\/download\/3867\">DIOCORUMB\u00c1<\/a><\/span><\/em>\u00a0da \u00faltima quarta-feira, dia 11, deve ser preenchida e encaminhada para o email\u00a0<a style=\"border: 0px; font-style: inherit; font-weight: inherit; margin: 0px; padding: 0px; vertical-align: baseline; background-color: transparent; text-decoration-line: none; color: #13505b; transition: all 0.2s linear 0s;\" href=\"mailto:capacitarcursostreinamentos@gmail.com\">capacitarcursostreinamentos@gmail.com<\/a>\u00a0at\u00e9 a sexta-feira, dia 20.<\/p>\n<p style=\"border: 0px; font-size: 17px; margin-top: 0px; margin-bottom: 1.6em; outline: 0px; padding: 0px; vertical-align: baseline; color: #808285; font-family: 'Roboto Condensed', sans-serif;\">A capacita\u00e7\u00e3o ser\u00e1 ministrada por Simone Amorim, Bacharel em Direito; Bacharel em Administra\u00e7\u00e3o; P\u00f3s-graduada em Auditoria; P\u00f3s-graduada em Controladoria; e Servidora efetiva do Tribunal de Contas do Estado de Mato Grosso do Sul. Ela \u00e9 atuante na \u00e1rea de licita\u00e7\u00f5es h\u00e1 quase 30 (trinta) anos, e tamb\u00e9m em Programa de Capacita\u00e7\u00e3o Continuada.<\/p>\n<p style=\"border: 0px; font-size: 17px; margin-top: 0px; margin-bottom: 1.6em; outline: 0px; padding: 0px; vertical-align: baseline; color: #808285; font-family: 'Roboto Condensed', sans-serif;\">O curso ir\u00e1 abranger em seu conte\u00fado: Os tr\u00eas pilares da Contrata\u00e7\u00e3o P\u00fablica; Modalidades de Licita\u00e7\u00e3o; Fase Interna da Licita\u00e7\u00e3o; Fase Externa da Licita\u00e7\u00e3o; Fase de Gest\u00e3o da Contrata\u00e7\u00e3o e Participa\u00e7\u00e3o dos Fiscais de Contratos; Conceito e Fun\u00e7\u00f5es dos Fiscais e Gestores de Contratos; Momento em que nasce a designa\u00e7\u00e3o dos Fiscais de Contratos; Tipos de Fiscaliza\u00e7\u00e3o; Recebimento provis\u00f3rio e definitivo do objeto; Emiss\u00e3o de relat\u00f3rios pelos Fiscais; Requisitos e atribui\u00e7\u00f5es dos Fiscais de Contrato; Perfil do Fiscal de Contrato; Orienta\u00e7\u00f5es gerais; Modelo de anexos para auxiliar na fiscaliza\u00e7\u00e3o; Gratifica\u00e7\u00e3o dos Fiscais.<\/p>\n<p style=\"border: 0px; font-size: 17px; margin-top: 0px; outline: 0px; padding: 0px; vertical-align: baseline; color: #808285; font-family: 'Roboto Condensed', sans-serif;\">Os servidores que conclu\u00edrem o curso receber\u00e3o Certificado de Participa\u00e7\u00e3o Emitido pela Empresa Capacitar Cursos e Treinamentos. As aulas ter\u00e3o modo presencial e online e a carga hor\u00e1ria total do curso ser\u00e1 de 20h.<\/p>\n","protected":false},"excerpt":{"rendered":"<p>A Prefeitura de Corumb\u00e1, por meio da Secretaria de Finan\u00e7as e Gest\u00e3o, est\u00e1 convocando todos&#8230;<\/p>\n","protected":false},"author":70,"featured_media":0,"comment_status":"closed","ping_status":"closed","sticky":false,"template":"","format":"standard","meta":{"footnotes":""},"categories":[14],"tags":[],"class_list":["post-11710171","post","type-post","status-publish","format-standard","hentry","category-geral"],"_links":{"self":[{"href":"https:\/\/www.corumbaonline.com.br\/news\/wp-json\/wp\/v2\/posts\/11710171","targetHints":{"allow":["GET"]}}],"collection":[{"href":"https:\/\/www.corumbaonline.com.br\/news\/wp-json\/wp\/v2\/posts"}],"about":[{"href":"https:\/\/www.corumbaonline.com.br\/news\/wp-json\/wp\/v2\/types\/post"}],"author":[{"embeddable":true,"href":"https:\/\/www.corumbaonline.com.br\/news\/wp-json\/wp\/v2\/users\/70"}],"replies":[{"embeddable":true,"href":"https:\/\/www.corumbaonline.com.br\/news\/wp-json\/wp\/v2\/comments?post=11710171"}],"version-history":[{"count":1,"href":"https:\/\/www.corumbaonline.com.br\/news\/wp-json\/wp\/v2\/posts\/11710171\/revisions"}],"predecessor-version":[{"id":11710172,"href":"https:\/\/www.corumbaonline.com.br\/news\/wp-json\/wp\/v2\/posts\/11710171\/revisions\/11710172"}],"wp:attachment":[{"href":"https:\/\/www.corumbaonline.com.br\/news\/wp-json\/wp\/v2\/media?parent=11710171"}],"wp:term":[{"taxonomy":"category","embeddable":true,"href":"https:\/\/www.corumbaonline.com.br\/news\/wp-json\/wp\/v2\/categories?post=11710171"},{"taxonomy":"post_tag","embeddable":true,"href":"https:\/\/www.corumbaonline.com.br\/news\/wp-json\/wp\/v2\/tags?post=11710171"}],"curies":[{"name":"wp","href":"https:\/\/api.w.org\/{rel}","templated":true}]}}