{"id":11710179,"date":"2020-11-17T09:11:00","date_gmt":"2020-11-17T13:11:00","guid":{"rendered":"http:\/\/www.corumbaonline.com.br\/news\/?p=11710179"},"modified":"2020-11-17T09:45:16","modified_gmt":"2020-11-17T13:45:16","slug":"ifms-promove-semana-da-consciencia-negra-ate-sabado","status":"publish","type":"post","link":"https:\/\/www.corumbaonline.com.br\/news\/ifms-promove-semana-da-consciencia-negra-ate-sabado\/","title":{"rendered":"IFMS promove Semana da Consci\u00eancia Negra at\u00e9 s\u00e1bado"},"content":{"rendered":"<p>A 10\u00aa edi\u00e7\u00e3o da Semana da Consci\u00eancia Negra do Instituto Federal de Mato Grosso do Sul (IFMS) come\u00e7ou nessa segunda-feira,16. Com o tema \u201cVidas negras importam: a urg\u00eancia do combate a necropol\u00edtica\u201d, o evento \u00e9 realizado em ambiente virtual, junto com o III Encontro dos N\u00facleos de Estudos Afro-brasileiros e Ind\u00edgenas (Neabi), que tamb\u00e9m promove debates voltados \u00e0 popula\u00e7\u00e3o ind\u00edgena.<\/p>\n<p>A Semana \u00e9 organizada pelo Campus Tr\u00eas Lagoas, com a participa\u00e7\u00e3o dos demais campi e apoio da Pr\u00f3-Reitoria de Extens\u00e3o (Proex), e faz alus\u00e3o ao Dia da Consci\u00eancia Negra, celebrado em 20 de novembro.<\/p>\n<p>O evento foi aberto com uma apresenta\u00e7\u00e3o cultural do professor F\u00e1bio Faria, do Campus Campo Grande, seguida da\u00a0participa\u00e7\u00e3o de gestores e representantes da comiss\u00e3o organizadora. Na sequ\u00eancia, a docente\u00a0da Universidade Federal do Piau\u00ed (UFPI), Let\u00edcia Caroline do Nascimento, abordou quest\u00f5es de ra\u00e7a, g\u00eanero e sexualidade.\u00a0Pedagoga e mestre em Educa\u00e7\u00e3o, Let\u00edcia a primeira professora trans da institui\u00e7\u00e3o, onde atua no curso de Pedagogia do Campus Floriano. A cerim\u00f4nia de abertura est\u00e1\u00a0<a title=\"dispon\u00edvel no YouTube\" href=\"http:\/\/www.ifms.edu.br:9000\/lists\/lt.php?tid=KxlTClUNAVYFV0sFVQADTlBQC1ROAAEKUxsLAFEDBwcGVwYAAF0fA1IDVAEPAFROAV1TUk4NDF5SGwAAUQpPCQIAUwpVWwAFAgBUH1ICAwYCUlcDTghaXAYbDFZQBk8JVlZUH1AKVgBWAgNWVAIABw\" target=\"_blank\" rel=\"noopener noreferrer\">dispon\u00edvel no YouTube<\/a>.<\/p>\n<p>A programa\u00e7\u00e3o da Semana segue at\u00e9 s\u00e1bado, 21, com palestras, oficinas e rodas de conversa. Os interessados podem acompanhar as atividades, que n\u00e3o necessitam de inscri\u00e7\u00e3o pr\u00e9via, no\u00a0<a title=\"Canal do Campus Tr\u00eas Lagoas\" href=\"http:\/\/www.ifms.edu.br:9000\/lists\/lt.php?tid=KxkCC1ELBQVWU0tQU1BWTlAGVltOAAgBVxsNVQVRVFBUUwAGXAgfA1IDVAEPAFROAV1TUk4NDF5SGwAAUQpPCQIAUwpVWwAFAgBUH1ICAwYCUlcDTghaXAYbDFZQBk8JVlZUH1AKVgBWAgNWVAIABw\" target=\"_blank\" rel=\"noopener noreferrer\">canal do Campus Tr\u00eas Lagoas<\/a>.<\/p>\n<p>O evento ser\u00e1 encerrado com a divulga\u00e7\u00e3o dos vencedores do 5\u00ba Concurso de Beleza Negra, al\u00e9m de uma apresenta\u00e7\u00e3o da sambista Alba Lessa.<\/p>\n<p>A programa\u00e7\u00e3o completa do evento pode ser conferida na\u00a0<a title=\"p\u00e1gina da Semana da Consci\u00eancia Negra\" href=\"http:\/\/www.ifms.edu.br:9000\/lists\/lt.php?tid=KxkEV1cPWwlRUEtbBgJcTlAAVlJOWF5bARsAUFcKWgkFUgYFVwsfA1IDVAEPAFROAV1TUk4NDF5SGwAAUQpPCQIAUwpVWwAFAgBUH1ICAwYCUlcDTghaXAYbDFZQBk8JVlZUH1AKVgBWAgNWVAIABw\" target=\"_blank\" rel=\"noopener noreferrer\">p\u00e1gina da Semana da Consci\u00eancia Negra<\/a>.<\/p>\n<p><strong>Oportunidade<\/strong>\u00a0\u2013 Com a necessidade do distanciamento social em virtude da pandemia do novo coronav\u00edrus, organizar o evento de forma virtual tornou-se um desafio e tamb\u00e9m uma oportunidade,\u00a0tanto no sentido de ampliar o n\u00famero de palestrantes quanto de participantes.<\/p>\n<p>\u201cGostar\u00edamos muito de organizar o evento de maneira presencial, ainda mais por ser a 10\u00aa edi\u00e7\u00e3o. Mas conscientes da necessidade tanto de distanciamento quanto do debate sobre as quest\u00f5es negra e ind\u00edgena, optamos por esse formato\u201d,\u00a0explica o professor de Sociologia do Campus Tr\u00eas Lagoas, Guilherme Tommaselli, respons\u00e1vel pela comiss\u00e3o organizadora do evento.<\/p>\n<p>Dentre as novidades desta edi\u00e7\u00e3o est\u00e3o a amplia\u00e7\u00e3o do n\u00famero de participantes e a altera\u00e7\u00e3o no formato de algumas atividades.\u00a0\u201cCom o sistema de transmiss\u00e3o pela internet, conseguimos reunir acad\u00eamicos importantes de diversos locais do pa\u00eds, al\u00e9m de lideran\u00e7as ind\u00edgenas para o Encontro dos Neabis\u201d, destaca o docente.<\/p>\n<p>Outra novidade \u00e9 o car\u00e1ter estadual da 5\u00aa edi\u00e7\u00e3o do Concurso de Beleza Negra, que recebeu inscri\u00e7\u00f5es de participantes de diferentes locais de Mato Grosso do Sul.\u201cJ\u00e1 faz algum tempo que planej\u00e1vamos fazer um concurso estadual. Mesmo n\u00e3o sendo presencial, recebemos inscri\u00e7\u00f5es de v\u00e1rias cidades do estado, permitindo que tenhamos acesso a hist\u00f3rias e narrativas interessantes para a discuss\u00e3o proposta\u201d.<\/p>\n<p>A necessidade de adapta\u00e7\u00e3o para a nova edi\u00e7\u00e3o tamb\u00e9m mexeu com atividades j\u00e1 tradicionais, como a feijoada comunit\u00e1ria preparada como parte da Semana, que foi substitu\u00edda por uma oficina de culin\u00e1ria, ministrada pelo professor de Hist\u00f3ria, Gilmar Pereira, e que tratar\u00e1 da rela\u00e7\u00e3o do prato com a popula\u00e7\u00e3o negra.<\/p>\n<p>&#8220;Tomando todos os cuidados necess\u00e1rios, gravamos a oficina que vai apresentar, al\u00e9m do preparo, a import\u00e2ncia do prato para a identidade brasileira&#8221;, comenta.<\/p>\n","protected":false},"excerpt":{"rendered":"<p>A 10\u00aa edi\u00e7\u00e3o da Semana da Consci\u00eancia Negra do Instituto Federal de Mato Grosso do&#8230;<\/p>\n","protected":false},"author":9,"featured_media":0,"comment_status":"closed","ping_status":"closed","sticky":false,"template":"","format":"standard","meta":{"footnotes":""},"categories":[10],"tags":[],"class_list":["post-11710179","post","type-post","status-publish","format-standard","hentry","category-educacao"],"_links":{"self":[{"href":"https:\/\/www.corumbaonline.com.br\/news\/wp-json\/wp\/v2\/posts\/11710179","targetHints":{"allow":["GET"]}}],"collection":[{"href":"https:\/\/www.corumbaonline.com.br\/news\/wp-json\/wp\/v2\/posts"}],"about":[{"href":"https:\/\/www.corumbaonline.com.br\/news\/wp-json\/wp\/v2\/types\/post"}],"author":[{"embeddable":true,"href":"https:\/\/www.corumbaonline.com.br\/news\/wp-json\/wp\/v2\/users\/9"}],"replies":[{"embeddable":true,"href":"https:\/\/www.corumbaonline.com.br\/news\/wp-json\/wp\/v2\/comments?post=11710179"}],"version-history":[{"count":1,"href":"https:\/\/www.corumbaonline.com.br\/news\/wp-json\/wp\/v2\/posts\/11710179\/revisions"}],"predecessor-version":[{"id":11710180,"href":"https:\/\/www.corumbaonline.com.br\/news\/wp-json\/wp\/v2\/posts\/11710179\/revisions\/11710180"}],"wp:attachment":[{"href":"https:\/\/www.corumbaonline.com.br\/news\/wp-json\/wp\/v2\/media?parent=11710179"}],"wp:term":[{"taxonomy":"category","embeddable":true,"href":"https:\/\/www.corumbaonline.com.br\/news\/wp-json\/wp\/v2\/categories?post=11710179"},{"taxonomy":"post_tag","embeddable":true,"href":"https:\/\/www.corumbaonline.com.br\/news\/wp-json\/wp\/v2\/tags?post=11710179"}],"curies":[{"name":"wp","href":"https:\/\/api.w.org\/{rel}","templated":true}]}}