{"id":11710196,"date":"2020-11-17T11:00:00","date_gmt":"2020-11-17T15:00:00","guid":{"rendered":"http:\/\/www.corumbaonline.com.br\/news\/?p=11710196"},"modified":"2020-11-17T11:31:30","modified_gmt":"2020-11-17T15:31:30","slug":"campo-grande-e-dourados-lideram-casos-confirmados-de-covid-19-nas-ultimas-24h","status":"publish","type":"post","link":"https:\/\/www.corumbaonline.com.br\/news\/campo-grande-e-dourados-lideram-casos-confirmados-de-covid-19-nas-ultimas-24h\/","title":{"rendered":"Campo Grande e Dourados lideram casos confirmados de Covid-19 nas \u00faltimas 24h"},"content":{"rendered":"<p style=\"box-sizing: border-box; margin-bottom: 2em; font-size: 16px; line-height: 1.8em; text-align: justify; color: #212529; font-family: 'Open Sans', sans-serif;\">Mais 854 pessoas testaram positivo para a Covid-19 em Mato Grosso do Sul nas \u00faltimas 24 horas. Os n\u00fameros constam no boletim epidemiol\u00f3gico da doen\u00e7a divulgado nesta ter\u00e7a-feira (17) pela Secretaria de Estado de Sa\u00fade (SES).<\/p>\n<p style=\"box-sizing: border-box; margin-top: 0px; margin-bottom: 2em; font-size: 16px; line-height: 1.8em; text-align: justify; color: #212529; font-family: 'Open Sans', sans-serif;\">Do total de casos confirmados, 538 s\u00e3o de Campo Grande. Outros 100 de Dourados, 17 de Anast\u00e1cio, 16 de Tr\u00eas Lagoas e 15 de Navira\u00ed.\u00a0<a style=\"box-sizing: border-box; color: #444444; text-decoration-line: none; background-color: transparent;\" href=\"http:\/\/www.ms.gov.br\/wp-content\/uploads\/sites\/150\/2020\/11\/Boletim-Epidemiol%C3%B3gico-COVID-19-2020.11.17.pdf\" target=\"_blank\" rel=\"noopener noreferrer\"><span style=\"box-sizing: border-box; text-decoration-line: underline;\"><span style=\"box-sizing: border-box; font-weight: bolder;\">A lista completa pode ser conferida aqui<\/span><\/span><\/a>.<\/p>\n<p style=\"box-sizing: border-box; margin-top: 0px; margin-bottom: 2em; font-size: 16px; line-height: 1.8em; text-align: justify; color: #212529; font-family: 'Open Sans', sans-serif;\"><img loading=\"lazy\" decoding=\"async\" class=\"aligncenter wp-image-332013 size-full\" style=\"box-sizing: border-box; vertical-align: middle; margin-top: 1em; margin-bottom: 1em;\" src=\"http:\/\/www.ms.gov.br\/wp-content\/uploads\/sites\/150\/2020\/11\/CORONAVIRUS-17112020.png\" sizes=\"auto, (max-width: 656px) 100vw, 656px\" srcset=\"http:\/\/www.ms.gov.br\/wp-content\/uploads\/sites\/150\/2020\/11\/CORONAVIRUS-17112020.png 656w, http:\/\/www.ms.gov.br\/wp-content\/uploads\/sites\/150\/2020\/11\/CORONAVIRUS-17112020-300x210.png 300w, http:\/\/www.ms.gov.br\/wp-content\/uploads\/sites\/150\/2020\/11\/CORONAVIRUS-17112020-342x240.png 342w\" alt=\"\" width=\"656\" height=\"460\" \/><\/p>\n<p style=\"box-sizing: border-box; margin-top: 0px; margin-bottom: 2em; font-size: 16px; line-height: 1.8em; text-align: justify; color: #212529; font-family: 'Open Sans', sans-serif;\">Quatro \u00f3bitos foram registrados no Estado de ontem para hoje, sendo tr\u00eas na Capital &#8211; duas mulheres de 39 e 76 anos e um homem de 77 anos. A outra morte ocorreu no munic\u00edpio de Ant\u00f4nio Jo\u00e3o (um homem de 72 anos).<\/p>\n<p style=\"box-sizing: border-box; margin-top: 0px; margin-bottom: 2em; font-size: 16px; line-height: 1.8em; text-align: justify; color: #212529; font-family: 'Open Sans', sans-serif;\">Com os n\u00fameros desta ter\u00e7a-feira, Mato Grosso do Sul passa a ter 88.965 casos confirmados de Covid-19 e 1.697 mortes.<\/p>\n<p style=\"box-sizing: border-box; margin-top: 0px; margin-bottom: 2em; font-size: 16px; line-height: 1.8em; text-align: justify; color: #212529; font-family: 'Open Sans', sans-serif;\">Em todo o Estado, 254 pessoas seguem internadas em hospitais p\u00fablicos e privados por causa de complica\u00e7\u00f5es relacionadas \u00e0 doen\u00e7a.<\/p>\n","protected":false},"excerpt":{"rendered":"<p>Mais 854 pessoas testaram positivo para a Covid-19 em Mato Grosso do Sul nas \u00faltimas&#8230;<\/p>\n","protected":false},"author":13,"featured_media":11710197,"comment_status":"closed","ping_status":"closed","sticky":false,"template":"","format":"standard","meta":{"footnotes":""},"categories":[116,8,21],"tags":[],"class_list":["post-11710196","post","type-post","status-publish","format-standard","has-post-thumbnail","hentry","category-coronavirus","category-destaque","category-saude"],"_links":{"self":[{"href":"https:\/\/www.corumbaonline.com.br\/news\/wp-json\/wp\/v2\/posts\/11710196","targetHints":{"allow":["GET"]}}],"collection":[{"href":"https:\/\/www.corumbaonline.com.br\/news\/wp-json\/wp\/v2\/posts"}],"about":[{"href":"https:\/\/www.corumbaonline.com.br\/news\/wp-json\/wp\/v2\/types\/post"}],"author":[{"embeddable":true,"href":"https:\/\/www.corumbaonline.com.br\/news\/wp-json\/wp\/v2\/users\/13"}],"replies":[{"embeddable":true,"href":"https:\/\/www.corumbaonline.com.br\/news\/wp-json\/wp\/v2\/comments?post=11710196"}],"version-history":[{"count":1,"href":"https:\/\/www.corumbaonline.com.br\/news\/wp-json\/wp\/v2\/posts\/11710196\/revisions"}],"predecessor-version":[{"id":11710198,"href":"https:\/\/www.corumbaonline.com.br\/news\/wp-json\/wp\/v2\/posts\/11710196\/revisions\/11710198"}],"wp:featuredmedia":[{"embeddable":true,"href":"https:\/\/www.corumbaonline.com.br\/news\/wp-json\/wp\/v2\/media\/11710197"}],"wp:attachment":[{"href":"https:\/\/www.corumbaonline.com.br\/news\/wp-json\/wp\/v2\/media?parent=11710196"}],"wp:term":[{"taxonomy":"category","embeddable":true,"href":"https:\/\/www.corumbaonline.com.br\/news\/wp-json\/wp\/v2\/categories?post=11710196"},{"taxonomy":"post_tag","embeddable":true,"href":"https:\/\/www.corumbaonline.com.br\/news\/wp-json\/wp\/v2\/tags?post=11710196"}],"curies":[{"name":"wp","href":"https:\/\/api.w.org\/{rel}","templated":true}]}}