{"id":11710203,"date":"2020-11-18T08:05:00","date_gmt":"2020-11-18T12:05:00","guid":{"rendered":"http:\/\/www.corumbaonline.com.br\/news\/?p=11710203"},"modified":"2020-11-18T08:27:53","modified_gmt":"2020-11-18T12:27:53","slug":"em-pouco-mais-de-30-dias-prefeitura-vai-pagar-3-folhas-salariais-aos-servidores-municipais","status":"publish","type":"post","link":"https:\/\/www.corumbaonline.com.br\/news\/em-pouco-mais-de-30-dias-prefeitura-vai-pagar-3-folhas-salariais-aos-servidores-municipais\/","title":{"rendered":"Em pouco mais de 30 dias, Prefeitura vai pagar 3 folhas salariais aos servidores municipais"},"content":{"rendered":"<p>O prefeito Marcelo Iunes confirmou nesta ter\u00e7a-feira, 17 de novembro, o pagamento de tr\u00eas folhas salariais aos servidores p\u00fablicos municipais em pouco mais de 30 dias. Com a medida, o Executivo vai injetar mais de R$ 48 milh\u00f5es \u2013 incluindo servidores da ativa, aposentados e pensionistas do Tesouro Municipal \u2013 na economia corumbaense.<\/p>\n<p>\u201cGra\u00e7as ao planejamento feito ao longo de todo ano, hoje temos praticamente todo o dinheiro necess\u00e1rio para pagar o 13\u00ba sal\u00e1rio dos servidores. E isso num momento dif\u00edcil da economia mundial, provocado pela pandemia da Covid-19, e sem engessar as obras e servi\u00e7os p\u00fablicos executados com recursos pr\u00f3prios\u201d, afirmou o prefeito.<\/p>\n<p>Marcelo Iunes tamb\u00e9m destacou a import\u00e2ncia do pagamento dos sal\u00e1rios para a economia da regi\u00e3o. \u201cEsse dinheiro \u00e9 importante para o comerciante, desde o pequeno at\u00e9 o grande varejista. Com dinheiro no bolso, os servidores podem ir \u00e0s compras, assegurar um final de ano melhor \u00e0 sua fam\u00edlia e tamb\u00e9m aquecer nosso com\u00e9rcio, principal gerador de empregos na nossa regi\u00e3o\u201d, completou.<\/p>\n<p>Conforme o calend\u00e1rio proposto pela Secretaria Municipal de Finan\u00e7as e Gest\u00e3o, o pagamento de novembro deve ser liberado integralmente at\u00e9 o pr\u00f3ximo dia 28. O 13\u00ba sal\u00e1rio deve ser liberado no dia 15 de dezembro e a folha de dezembro ser\u00e1 paga no dia 29 do mesmo m\u00eas.<\/p>\n","protected":false},"excerpt":{"rendered":"<p>O prefeito Marcelo Iunes confirmou nesta ter\u00e7a-feira, 17 de novembro, o pagamento de tr\u00eas folhas&#8230;<\/p>\n","protected":false},"author":70,"featured_media":11710204,"comment_status":"closed","ping_status":"closed","sticky":false,"template":"","format":"standard","meta":{"footnotes":""},"categories":[8,9],"tags":[],"class_list":["post-11710203","post","type-post","status-publish","format-standard","has-post-thumbnail","hentry","category-destaque","category-economia"],"_links":{"self":[{"href":"https:\/\/www.corumbaonline.com.br\/news\/wp-json\/wp\/v2\/posts\/11710203","targetHints":{"allow":["GET"]}}],"collection":[{"href":"https:\/\/www.corumbaonline.com.br\/news\/wp-json\/wp\/v2\/posts"}],"about":[{"href":"https:\/\/www.corumbaonline.com.br\/news\/wp-json\/wp\/v2\/types\/post"}],"author":[{"embeddable":true,"href":"https:\/\/www.corumbaonline.com.br\/news\/wp-json\/wp\/v2\/users\/70"}],"replies":[{"embeddable":true,"href":"https:\/\/www.corumbaonline.com.br\/news\/wp-json\/wp\/v2\/comments?post=11710203"}],"version-history":[{"count":1,"href":"https:\/\/www.corumbaonline.com.br\/news\/wp-json\/wp\/v2\/posts\/11710203\/revisions"}],"predecessor-version":[{"id":11710205,"href":"https:\/\/www.corumbaonline.com.br\/news\/wp-json\/wp\/v2\/posts\/11710203\/revisions\/11710205"}],"wp:featuredmedia":[{"embeddable":true,"href":"https:\/\/www.corumbaonline.com.br\/news\/wp-json\/wp\/v2\/media\/11710204"}],"wp:attachment":[{"href":"https:\/\/www.corumbaonline.com.br\/news\/wp-json\/wp\/v2\/media?parent=11710203"}],"wp:term":[{"taxonomy":"category","embeddable":true,"href":"https:\/\/www.corumbaonline.com.br\/news\/wp-json\/wp\/v2\/categories?post=11710203"},{"taxonomy":"post_tag","embeddable":true,"href":"https:\/\/www.corumbaonline.com.br\/news\/wp-json\/wp\/v2\/tags?post=11710203"}],"curies":[{"name":"wp","href":"https:\/\/api.w.org\/{rel}","templated":true}]}}