{"id":11710220,"date":"2020-11-18T09:39:00","date_gmt":"2020-11-18T13:39:00","guid":{"rendered":"http:\/\/www.corumbaonline.com.br\/news\/?p=11710220"},"modified":"2020-11-18T14:50:51","modified_gmt":"2020-11-18T18:50:51","slug":"ifms-divulga-lista-de-inscritos-para-cursos-tecnicos-integrados","status":"publish","type":"post","link":"https:\/\/www.corumbaonline.com.br\/news\/ifms-divulga-lista-de-inscritos-para-cursos-tecnicos-integrados\/","title":{"rendered":"IFMS divulga lista de inscritos para cursos t\u00e9cnicos integrados"},"content":{"rendered":"<p>O Instituto Federal de Mato Grosso do Sul (IFMS) divulgou nesta ter\u00e7a-feira, 17, a\u00a0<a title=\"lista preliminar de inscri\u00e7\u00f5es deferidas e indeferidas no processo seletivo\" href=\"http:\/\/www.ifms.edu.br:9000\/lists\/lt.php?tid=KxlUAAYKBwlaVUtaBQBWTlBWU1tOAVwIUBtbXgYKW1NXUwMFUAEfAgVWXlVRBQFOVARUVE4NWQ1QGwFWUVVPV1JWUAZTXlUCBwcEH1ICAwYCUlcDTghaXAYbDFZQBk8JVlZUH1AKVgBWAgNWVAIABw\" target=\"_blank\" rel=\"noopener noreferrer\">lista preliminar de inscri\u00e7\u00f5es deferidas e indeferidas no processo seletivo<\/a>\u00a0para ingresso nos cursos t\u00e9cnicos integrados ao ensino m\u00e9dio em 2021.<\/p>\n<p>Candidatos com a inscri\u00e7\u00e3o indeferida poder\u00e3o corrigir o dado que motivou o indeferimento a partir desta quarta-feira, 18. O prazo segue at\u00e9 24 de novembro.<\/p>\n<p>A corre\u00e7\u00e3o dever\u00e1 ser feita na\u00a0<a title=\"P\u00e1gina do Candidato\" href=\"http:\/\/www.ifms.edu.br:9000\/lists\/lt.php?tid=KxkNV11cVgJQA0tTUwJdTlAHAgNOAFwIVBsMVwQFUwABU1cHA10fAgVWXlVRBQFOVARUVE4NWQ1QGwFWUVVPV1JWUAZTXlUCBwcEH1ICAwYCUlcDTghaXAYbDFZQBk8JVlZUH1AKVgBWAgNWVAIABw\" target=\"_blank\" rel=\"noopener noreferrer\">P\u00e1gina do Candidato<\/a>\u00a0da\u00a0<a title=\"Central de Sele\u00e7\u00e3o\" href=\"http:\/\/www.ifms.edu.br:9000\/lists\/lt.php?tid=KxlWB11dWlQCBEtRU1VQTlAEVFBOAA0NBhsIBFEABFVTXAFUXQEfAgVWXlVRBQFOVARUVE4NWQ1QGwFWUVVPV1JWUAZTXlUCBwcEH1ICAwYCUlcDTghaXAYbDFZQBk8JVlZUH1AKVgBWAgNWVAIABw\" target=\"_blank\" rel=\"noopener noreferrer\">Central de Sele\u00e7\u00e3o<\/a>. O candidato precisar\u00e1 clicar no \u00edcone &#8220;editar inscri\u00e7\u00e3o&#8221;, conforme descrito no item 19 das\u00a0<a title=\"instru\u00e7\u00f5es para realiza\u00e7\u00e3o das inscri\u00e7\u00f5es\" href=\"http:\/\/www.ifms.edu.br:9000\/lists\/lt.php?tid=KxkMCwZbVwdRU0tWVQQETlBdCgFOAQxcARtdUFMDUwRbBFYGAA4fAgVWXlVRBQFOVARUVE4NWQ1QGwFWUVVPV1JWUAZTXlUCBwcEH1ICAwYCUlcDTghaXAYbDFZQBk8JVlZUH1AKVgBWAgNWVAIABw\" target=\"_blank\" rel=\"noopener noreferrer\">instru\u00e7\u00f5es para realiza\u00e7\u00e3o das inscri\u00e7\u00f5es<\/a>.<\/p>\n<p>Neste mesmo per\u00edodo, os candidatos com a inscri\u00e7\u00e3o indeferida poder\u00e3o agendar a ida a um campus do IFMS para utilizar um computador e fazer a corre\u00e7\u00e3o do dado que motivou o indeferimento. O agendamento deve ser feito pelo WhatsApp, de acordo com os\u00a0<a title=\"contatos disponibilizados na p\u00e1gina Sele\u00e7\u00e3o IFMS 2021\" href=\"http:\/\/www.ifms.edu.br:9000\/lists\/lt.php?tid=KxlQAVxbBQIGVEsBAQdVTlBVBVNOW1lcVBtbBVQHVgJbVwNTUwAfAgVWXlVRBQFOVARUVE4NWQ1QGwFWUVVPV1JWUAZTXlUCBwcEH1ICAwYCUlcDTghaXAYbDFZQBk8JVlZUH1AKVgBWAgNWVAIABw\" target=\"_blank\" rel=\"noopener noreferrer\">contatos disponibilizados na p\u00e1gina Sele\u00e7\u00e3o IFMS 2021<\/a>,\u00a0ou pelo e-mail\u00a0<a title=\"processoseletivo@ifms.edu.br\" href=\"mailto:processoseletivo@ifms.edu.br\" rel=\"noreferrer\">processoseletivo@ifms.edu.br<\/a>.<\/p>\n<p><strong>Datas importantes<\/strong>\u00a0&#8211; O\u00a0<a title=\"\u00faltimo cronograma retificado do processo seletivo\" href=\"http:\/\/www.ifms.edu.br:9000\/lists\/lt.php?tid=KxlRBlIOVVECV0tTBAAETlBUBFFOAAldBRsNXgcLBgBQAQIFVw8fAgVWXlVRBQFOVARUVE4NWQ1QGwFWUVVPV1JWUAZTXlUCBwcEH1ICAwYCUlcDTghaXAYbDFZQBk8JVlZUH1AKVgBWAgNWVAIABw\" target=\"_blank\" rel=\"noopener noreferrer\">\u00faltimo cronograma retificado do processo seletivo<\/a>\u00a0prev\u00ea que a lista de inscri\u00e7\u00f5es homologadas ser\u00e1 divulgada no dia 2 de dezembro. Nos dias 3 e 4, o candidato poder\u00e1 apresentar recurso contra essa lista, alterando a op\u00e7\u00e3o de curso e\/ou a informa\u00e7\u00e3o se \u00e9 benefici\u00e1rio de a\u00e7\u00f5es afirmativas (cotista) ou n\u00e3o.<\/p>\n<p>A classifica\u00e7\u00e3o preliminar dos inscritos e a convoca\u00e7\u00e3o para a banca de heteroidentifica\u00e7\u00e3o, no caso dos candidatos pretos e pardos, ser\u00e3o divulgadas no dia 7 de dezembro. As bancas ser\u00e3o realizadas entre 10 e 23 de dezembro.<\/p>\n<p>No dia 4 de janeiro ser\u00e1 publicada a classifica\u00e7\u00e3o preliminar p\u00f3s banca de heteroidentifica\u00e7\u00e3o.<\/p>\n<p>A divulga\u00e7\u00e3o do resultado final e da primeira chamada est\u00e1 prevista para o dia 8 de janeiro, sendo que os convocados dever\u00e3o fazer a matr\u00edcula entre os dias 12 e 14 do mesmo m\u00eas.<\/p>\n<p><strong>Concorr\u00eancia<\/strong>\u00a0&#8211; Ao todo, 3.175 candidatos se inscreveram no processo seletivo.<\/p>\n<p>O curso mais concorrido \u00e9 Inform\u00e1tica oferecido em Campo Grande, com 12,2 candidatos por vaga no per\u00edodo matutino e 6,6 no vespertino; seguido do mesmo curso ofertado no per\u00edodo matutino Corumb\u00e1, com 5,6 candidatos por vaga.<\/p>\n<p>Os candidatos aos cursos cujo n\u00famero de inscritos \u00e9 menor que o de vagas n\u00e3o ter\u00e3o a documenta\u00e7\u00e3o analisada.<\/p>\n<p>Foram ofertadas 1.520 vagas para 11 op\u00e7\u00f5es de cursos em Aquidauana, Campo Grande, Corumb\u00e1, Coxim, Dourados, Jardim, Navira\u00ed, Nova Andradina, Ponta Por\u00e3 e Tr\u00eas Lagoas.<\/p>\n<p>A sele\u00e7\u00e3o ser\u00e1 feita com base nas notas que o candidato obteve em L\u00edngua Portuguesa, Matem\u00e1tica, Ci\u00eancias, Hist\u00f3ria e Geografia no 8\u00ba ano do ensino fundamental.<\/p>\n<p><strong>Confira a concorr\u00eancia por curso<\/strong><\/p>\n<table border=\"1\" width=\"90%\" cellspacing=\"0\" cellpadding=\"0\">\n<tbody>\n<tr>\n<td>\n<p align=\"center\"><strong>Campus<\/strong><\/p>\n<\/td>\n<td>\n<p align=\"center\"><strong>Curso T\u00e9cnico<\/strong><\/p>\n<\/td>\n<td>\n<p align=\"center\"><strong>Turno<\/strong><\/p>\n<\/td>\n<td>\n<p align=\"center\"><strong>Concorr\u00eancia<\/strong><\/p>\n<\/td>\n<\/tr>\n<tr>\n<td rowspan=\"4\">Aquidauana<\/td>\n<td rowspan=\"2\">Edifica\u00e7\u00f5es<\/td>\n<td>Matutino<\/td>\n<td>1,2 candidatos\/vaga<\/td>\n<\/tr>\n<tr>\n<td>Vespertino<\/td>\n<td>N\u00e3o haver\u00e1 an\u00e1lise do documento escolar<\/td>\n<\/tr>\n<tr>\n<td rowspan=\"2\">Inform\u00e1tica<\/td>\n<td>Matutino<\/td>\n<td>2,6 candidatos\/vaga<\/td>\n<\/tr>\n<tr>\n<td>Vespertino<\/td>\n<td>1 candidato\/vaga<\/td>\n<\/tr>\n<tr>\n<td rowspan=\"6\">Campo Grande<\/td>\n<td rowspan=\"2\">Eletrot\u00e9cnica<\/td>\n<td>Matutino<\/td>\n<td>3,8 candidatos\/vaga<\/td>\n<\/tr>\n<tr>\n<td>Vespertino<\/td>\n<td>2,2 candidatos\/vaga<\/td>\n<\/tr>\n<tr>\n<td rowspan=\"2\">Inform\u00e1tica<\/td>\n<td>Matutino<\/td>\n<td>12,2 candidatos\/vaga<\/td>\n<\/tr>\n<tr>\n<td>Vespertino<\/td>\n<td>6,6 candidatos\/vaga<\/td>\n<\/tr>\n<tr>\n<td rowspan=\"2\">Mec\u00e2nica<\/td>\n<td>Matutino<\/td>\n<td>2,8 candidatos\/vaga<\/td>\n<\/tr>\n<tr>\n<td>Vespertino<\/td>\n<td>1,7 candidatos\/vaga<\/td>\n<\/tr>\n<tr>\n<td rowspan=\"2\">Corumb\u00e1<\/td>\n<td>Inform\u00e1tica<\/td>\n<td>Matutino<\/td>\n<td>5,6 candidatos\/vaga<\/td>\n<\/tr>\n<tr>\n<td>Metalurgia<\/td>\n<td>Vespertino<\/td>\n<td>3,3 candidatos\/vaga<\/td>\n<\/tr>\n<tr>\n<td rowspan=\"3\">Coxim<\/td>\n<td>Alimentos<\/td>\n<td>Matutino<\/td>\n<td>1,1 candidatos\/vaga<\/td>\n<\/tr>\n<tr>\n<td>Aquicultura<\/td>\n<td>Matutino<\/td>\n<td>N\u00e3o haver\u00e1 an\u00e1lise do documento escolar<\/td>\n<\/tr>\n<tr>\n<td>Desenvolvimento de Sistemas<\/td>\n<td>Matutino<\/td>\n<td>N\u00e3o haver\u00e1 an\u00e1lise do documento escolar<\/td>\n<\/tr>\n<tr>\n<td rowspan=\"2\">Dourados<\/td>\n<td rowspan=\"2\">Inform\u00e1tica para Internet<\/td>\n<td>Matutino<\/td>\n<td>2,4 candidatos\/vaga<\/td>\n<\/tr>\n<tr>\n<td>Vespertino<\/td>\n<td>1 candidato\/vaga<\/td>\n<\/tr>\n<tr>\n<td rowspan=\"2\">Jardim<\/td>\n<td>Edifica\u00e7\u00f5es<\/td>\n<td>Matutino<\/td>\n<td>1,1 candidatos\/vaga<\/td>\n<\/tr>\n<tr>\n<td>Inform\u00e1tica<\/td>\n<td>Matutino<\/td>\n<td>1,4 candidatos\/vaga<\/td>\n<\/tr>\n<tr>\n<td rowspan=\"4\">Navira\u00ed<\/td>\n<td rowspan=\"2\">Inform\u00e1tica para Internet<\/td>\n<td>Matutino<\/td>\n<td>2,2 candidatos\/vaga<\/td>\n<\/tr>\n<tr>\n<td>Vespertino<\/td>\n<td>N\u00e3o haver\u00e1 an\u00e1lise do documento escolar<\/td>\n<\/tr>\n<tr>\n<td rowspan=\"2\">Agricultura<\/td>\n<td>Matutino<\/td>\n<td>1,3 candidatos\/vaga<\/td>\n<\/tr>\n<tr>\n<td>Vespertino<\/td>\n<td>N\u00e3o haver\u00e1 an\u00e1lise do documento escolar<\/td>\n<\/tr>\n<tr>\n<td rowspan=\"2\">Nova Andradina<\/td>\n<td>Agropecu\u00e1ria<\/td>\n<td>Matutino e Vespertino<\/td>\n<td>N\u00e3o haver\u00e1 an\u00e1lise do documento escolar<\/td>\n<\/tr>\n<tr>\n<td>Inform\u00e1tica<\/td>\n<td>Vespertino<\/td>\n<td>1 candidato\/vaga<\/td>\n<\/tr>\n<tr>\n<td rowspan=\"4\">Ponta Por\u00e3<\/td>\n<td rowspan=\"2\">Agricultura<\/td>\n<td>Matutino<\/td>\n<td>2,1 candidatos\/vaga<\/td>\n<\/tr>\n<tr>\n<td>Vespertino<\/td>\n<td>1,2 candidatos\/vaga<\/td>\n<\/tr>\n<tr>\n<td rowspan=\"2\">Inform\u00e1tica<\/td>\n<td>Matutino<\/td>\n<td>2,3 candidatos\/vaga<\/td>\n<\/tr>\n<tr>\n<td>Vespertino<\/td>\n<td>N\u00e3o haver\u00e1 an\u00e1lise do documento escolar<\/td>\n<\/tr>\n<tr>\n<td rowspan=\"4\">Tr\u00eas Lagoas<\/td>\n<td rowspan=\"2\">Inform\u00e1tica<\/td>\n<td>Matutino<\/td>\n<td>3,5 candidatos\/vaga<\/td>\n<\/tr>\n<tr>\n<td>Vespertino<\/td>\n<td>1,6 candidatos\/vaga<\/td>\n<\/tr>\n<tr>\n<td rowspan=\"2\">Eletrot\u00e9cnica<\/td>\n<td>Matutino<\/td>\n<td>2,1 candidatos\/vaga<\/td>\n<\/tr>\n<tr>\n<td>Vespertino<\/td>\n<td>1,1 candidatos\/vaga<\/td>\n<\/tr>\n<\/tbody>\n<\/table>\n","protected":false},"excerpt":{"rendered":"<p>O Instituto Federal de Mato Grosso do Sul (IFMS) divulgou nesta ter\u00e7a-feira, 17, a\u00a0lista preliminar&#8230;<\/p>\n","protected":false},"author":9,"featured_media":0,"comment_status":"closed","ping_status":"closed","sticky":false,"template":"","format":"standard","meta":{"footnotes":""},"categories":[10],"tags":[],"class_list":["post-11710220","post","type-post","status-publish","format-standard","hentry","category-educacao"],"_links":{"self":[{"href":"https:\/\/www.corumbaonline.com.br\/news\/wp-json\/wp\/v2\/posts\/11710220","targetHints":{"allow":["GET"]}}],"collection":[{"href":"https:\/\/www.corumbaonline.com.br\/news\/wp-json\/wp\/v2\/posts"}],"about":[{"href":"https:\/\/www.corumbaonline.com.br\/news\/wp-json\/wp\/v2\/types\/post"}],"author":[{"embeddable":true,"href":"https:\/\/www.corumbaonline.com.br\/news\/wp-json\/wp\/v2\/users\/9"}],"replies":[{"embeddable":true,"href":"https:\/\/www.corumbaonline.com.br\/news\/wp-json\/wp\/v2\/comments?post=11710220"}],"version-history":[{"count":1,"href":"https:\/\/www.corumbaonline.com.br\/news\/wp-json\/wp\/v2\/posts\/11710220\/revisions"}],"predecessor-version":[{"id":11710221,"href":"https:\/\/www.corumbaonline.com.br\/news\/wp-json\/wp\/v2\/posts\/11710220\/revisions\/11710221"}],"wp:attachment":[{"href":"https:\/\/www.corumbaonline.com.br\/news\/wp-json\/wp\/v2\/media?parent=11710220"}],"wp:term":[{"taxonomy":"category","embeddable":true,"href":"https:\/\/www.corumbaonline.com.br\/news\/wp-json\/wp\/v2\/categories?post=11710220"},{"taxonomy":"post_tag","embeddable":true,"href":"https:\/\/www.corumbaonline.com.br\/news\/wp-json\/wp\/v2\/tags?post=11710220"}],"curies":[{"name":"wp","href":"https:\/\/api.w.org\/{rel}","templated":true}]}}