{"id":11710248,"date":"2020-11-19T10:45:00","date_gmt":"2020-11-19T14:45:00","guid":{"rendered":"http:\/\/www.corumbaonline.com.br\/news\/?p=11710248"},"modified":"2020-11-19T11:05:31","modified_gmt":"2020-11-19T15:05:31","slug":"pesquisa-aponta-que-consumidores-de-ms-poderao-movimentar-mais-de-r-200-milhoes-na-black-friday","status":"publish","type":"post","link":"https:\/\/www.corumbaonline.com.br\/news\/pesquisa-aponta-que-consumidores-de-ms-poderao-movimentar-mais-de-r-200-milhoes-na-black-friday\/","title":{"rendered":"Pesquisa aponta que consumidores de MS poder\u00e3o movimentar mais de R$ 200 milh\u00f5es na Black Friday"},"content":{"rendered":"<p>Pesquisa desenvolvida pelo Instituto de Pesquisa e Desenvolvimento da Fecom\u00e9rcio\/MS (IPF-MS) em parceria com o Sebrae MS, aponta que a Black Friday, que ocorre na pr\u00f3xima semana, 27\/11, deve receber inje\u00e7\u00e3o de R$ 200 milh\u00f5es em compras dos consumidores de Mato Grosso do Sul. Dos entrevistados, 34% disseram que pretendem aproveitar as promo\u00e7\u00f5es.<\/p>\n<p>&#8220;Dos que disseram que pretendem aproveitar as ofertas, 48% j\u00e1 aproveitar\u00e3o para realizar as compras de final de ano e 30% poder\u00e3o utilizar o 13\u00ba&#8221;, ressalta a economista do IPF-MS, Daniela Dias. A parcela de compras adiantadas para o fim de ano poder\u00e1 alcan\u00e7ar R$ 100 milh\u00f5es. O gasto m\u00e9dio durante a Black Friday entre os consumidores do Estado ser\u00e1 de R$ 956,74.<\/p>\n<p>O foco dos consumidores estar\u00e1, principalmente, em m\u00f3veis\/eletrodom\u00e9sticos\/eletr\u00f4nicos (51%), com destaque para tablets\/celulares (14%), notebooks\/computadores (6%) e\u00a0 v\u00eddeo game\/Jogos\/acess\u00f3rios gamers, bem como na prefer\u00eancia por roupas\/cal\u00e7ados\/acess\u00f3rios (37%) e brinquedos (16%).<\/p>\n<p>Sondagem junto aos empres\u00e1rios, aponta que a perspectiva \u00e9 de que as pessoas gastar\u00e3o menos com presentes e comemora\u00e7\u00f5es de final de ano, por isso, &#8220;a Black Friday ser\u00e1 uma oportunidade para a compra de lembran\u00e7as, com menor recurso&#8221;, acredita Daniela Dias.<\/p>\n<p>A analista-t\u00e9cnica do Sebrae\/MS, Vanessa Schmidt alerta para a import\u00e2ncia de boas estrat\u00e9gias para captar o consumidor e tamb\u00e9m gerenciar o deslocamento de parte da movimenta\u00e7\u00e3o de fim de ano para a Black Friday. &#8220;O cen\u00e1rio de movimenta\u00e7\u00e3o \u00e9 bastante relevante, com um ticket m\u00e9dio bastante elevado, com inten\u00e7\u00e3o de compras, especialmente, de bens dur\u00e1veis, como eletroeletr\u00f4nicos e m\u00f3veis. E um ponto de aten\u00e7\u00e3o para os empres\u00e1rios \u00e9 que esta \u00e9 uma pr\u00e9via das compras de fim de ano. Temos mais de 70% dos consumidores preferindo ir comprar na loja f\u00edsica e \u00e9 um requisito importante que o empres\u00e1rio possa proporcionar atendimento individualizado ao consumidor, fazer a comunica\u00e7\u00e3o dos reais descontos nos produtos e aproveitar a data para garantir o faturamento de fim de ano, uma vez que quase metade pretendem comprar \u00e0 vista&#8221;.<\/p>\n<p>A pandemia e o consequente distanciamento social funcionar\u00e3o como propulsores para uns e restritivos para outros. Isto porque para aqueles em que houve a redu\u00e7\u00e3o da renda e suspens\u00e3o dos contratos de trabalho, praticamente n\u00e3o h\u00e1 perspectivas\u00a0de gastos durante a Black Friday. Por outro lado, para aqueles que n\u00e3o tiveram altera\u00e7\u00e3o, ou que obtiveram aumento ou pequena redu\u00e7\u00e3o da renda, o fato de passarem mais tempo em casa, fez com que buscassem\u00a0mais conforto e comodidade, ampliando com isso a procura por artigos de decora\u00e7\u00e3o, reforma, m\u00f3veis, entretenimento, alimenta\u00e7\u00e3o, eletrodom\u00e9sticos e eletr\u00f4nicos para o trabalho em casa.<\/p>\n<p>O estudo tamb\u00e9m mostra a tend\u00eancia de comportamento por regi\u00e3o do Estado. Foram aplicados 1723 question\u00e1rios entre os dias de 29 de outubro a 13 de novembro nas cidades de Campo Grande, Corumb\u00e1, Bonito, Coxim, Dourados, Ponta Por\u00e3 e Tr\u00eas Lagoas.<\/p>\n","protected":false},"excerpt":{"rendered":"<p>Pesquisa desenvolvida pelo Instituto de Pesquisa e Desenvolvimento da Fecom\u00e9rcio\/MS (IPF-MS) em parceria com o&#8230;<\/p>\n","protected":false},"author":9,"featured_media":0,"comment_status":"closed","ping_status":"closed","sticky":false,"template":"","format":"standard","meta":{"footnotes":""},"categories":[9],"tags":[],"class_list":["post-11710248","post","type-post","status-publish","format-standard","hentry","category-economia"],"_links":{"self":[{"href":"https:\/\/www.corumbaonline.com.br\/news\/wp-json\/wp\/v2\/posts\/11710248","targetHints":{"allow":["GET"]}}],"collection":[{"href":"https:\/\/www.corumbaonline.com.br\/news\/wp-json\/wp\/v2\/posts"}],"about":[{"href":"https:\/\/www.corumbaonline.com.br\/news\/wp-json\/wp\/v2\/types\/post"}],"author":[{"embeddable":true,"href":"https:\/\/www.corumbaonline.com.br\/news\/wp-json\/wp\/v2\/users\/9"}],"replies":[{"embeddable":true,"href":"https:\/\/www.corumbaonline.com.br\/news\/wp-json\/wp\/v2\/comments?post=11710248"}],"version-history":[{"count":1,"href":"https:\/\/www.corumbaonline.com.br\/news\/wp-json\/wp\/v2\/posts\/11710248\/revisions"}],"predecessor-version":[{"id":11710249,"href":"https:\/\/www.corumbaonline.com.br\/news\/wp-json\/wp\/v2\/posts\/11710248\/revisions\/11710249"}],"wp:attachment":[{"href":"https:\/\/www.corumbaonline.com.br\/news\/wp-json\/wp\/v2\/media?parent=11710248"}],"wp:term":[{"taxonomy":"category","embeddable":true,"href":"https:\/\/www.corumbaonline.com.br\/news\/wp-json\/wp\/v2\/categories?post=11710248"},{"taxonomy":"post_tag","embeddable":true,"href":"https:\/\/www.corumbaonline.com.br\/news\/wp-json\/wp\/v2\/tags?post=11710248"}],"curies":[{"name":"wp","href":"https:\/\/api.w.org\/{rel}","templated":true}]}}