{"id":11710259,"date":"2020-11-19T11:46:00","date_gmt":"2020-11-19T15:46:00","guid":{"rendered":"http:\/\/www.corumbaonline.com.br\/news\/?p=11710259"},"modified":"2020-11-19T14:36:03","modified_gmt":"2020-11-19T18:36:03","slug":"prefeitura-define-datas-para-rematriculas-de-alunos-da-rede-municipal-de-ensino","status":"publish","type":"post","link":"https:\/\/www.corumbaonline.com.br\/news\/prefeitura-define-datas-para-rematriculas-de-alunos-da-rede-municipal-de-ensino\/","title":{"rendered":"Prefeitura define datas para rematr\u00edculas de alunos da Rede Municipal de Ensino"},"content":{"rendered":"<p>A Prefeitura de Corumb\u00e1, por meio da Secretaria Municipal de Educa\u00e7\u00e3o, publicou na edi\u00e7\u00e3o de quarta-feira, 18 de novem resolu\u00e7\u00e3o em que define o processo de rematr\u00edcula na mesma Unidade Escolar da Rede Municipal de Ensino de Corumb\u00e1 e encaminhamento para matr\u00edcula em outra unidade de ensino, referente ao ano letivo de 2021.<\/p>\n<p>De acordo com a resolu\u00e7\u00e3o n\u00ba 141 , at\u00e9 o dia 25 de novembro de 2020, o processo \u00e9 para os alunos dos N\u00edveis I, II e III, Pr\u00e9-Escola I e II, e 1\u00ba ano do Ensino Fundamental. At\u00e9 o dia 10 de dezembro de 2020, para os alunos do 2\u00ba ao 9\u00ba ano do Ensino Fundamental e EJA.<\/p>\n<p>O n\u00e3o cumprimento das datas implicar\u00e1 em perda autom\u00e1tica da vaga, devendo o interessado, quando maior ou respons\u00e1vel legal, participar da Pr\u00e9-matr\u00edcula Digital para alunos novos em 2021.<\/p>\n<p>A rematr\u00edcula dever\u00e1 ser realizada por todos os alunos da Rede Municipal de Ensino interessados em manter-se na mesma Unidade Escolar, no ano letivo de 2021, independentemente de j\u00e1 serem considerados aprovados no ano em curso ou ainda dependerem de exame final.<\/p>\n<p>A Rede Municipal de Ensino (REME) de Corumb\u00e1 tem aproximadamente 16 mil alunos matriculados nas 41 escolas das zonas urbana e rural. Em raz\u00e3o da pandemia do novo coronav\u00edrus, as aulas na REME est\u00e3o suspensas desde o dia 18 de mar\u00e7o, seguindo assim at\u00e9 o fim do ano.<\/p>\n<p>A \u00edntegra da resolu\u00e7\u00e3o n\u00b0 141, assinada pelo secret\u00e1rio Municipal de Educa\u00e7\u00e3o, Genilson Canavarro de Abreu, pode ser conferida na edi\u00e7\u00e3o de quarta-feira, 18 de novembro, do<em><strong><a href=\"http:\/\/do.corumba.ms.gov.br\/corumba\">\u00a0DIOCORUMB\u00c1<\/a><\/strong><\/em>.<\/p>\n","protected":false},"excerpt":{"rendered":"<p>A Prefeitura de Corumb\u00e1, por meio da Secretaria Municipal de Educa\u00e7\u00e3o, publicou na edi\u00e7\u00e3o de&#8230;<\/p>\n","protected":false},"author":70,"featured_media":0,"comment_status":"closed","ping_status":"closed","sticky":false,"template":"","format":"standard","meta":{"footnotes":""},"categories":[10],"tags":[],"class_list":["post-11710259","post","type-post","status-publish","format-standard","hentry","category-educacao"],"_links":{"self":[{"href":"https:\/\/www.corumbaonline.com.br\/news\/wp-json\/wp\/v2\/posts\/11710259","targetHints":{"allow":["GET"]}}],"collection":[{"href":"https:\/\/www.corumbaonline.com.br\/news\/wp-json\/wp\/v2\/posts"}],"about":[{"href":"https:\/\/www.corumbaonline.com.br\/news\/wp-json\/wp\/v2\/types\/post"}],"author":[{"embeddable":true,"href":"https:\/\/www.corumbaonline.com.br\/news\/wp-json\/wp\/v2\/users\/70"}],"replies":[{"embeddable":true,"href":"https:\/\/www.corumbaonline.com.br\/news\/wp-json\/wp\/v2\/comments?post=11710259"}],"version-history":[{"count":1,"href":"https:\/\/www.corumbaonline.com.br\/news\/wp-json\/wp\/v2\/posts\/11710259\/revisions"}],"predecessor-version":[{"id":11710260,"href":"https:\/\/www.corumbaonline.com.br\/news\/wp-json\/wp\/v2\/posts\/11710259\/revisions\/11710260"}],"wp:attachment":[{"href":"https:\/\/www.corumbaonline.com.br\/news\/wp-json\/wp\/v2\/media?parent=11710259"}],"wp:term":[{"taxonomy":"category","embeddable":true,"href":"https:\/\/www.corumbaonline.com.br\/news\/wp-json\/wp\/v2\/categories?post=11710259"},{"taxonomy":"post_tag","embeddable":true,"href":"https:\/\/www.corumbaonline.com.br\/news\/wp-json\/wp\/v2\/tags?post=11710259"}],"curies":[{"name":"wp","href":"https:\/\/api.w.org\/{rel}","templated":true}]}}