{"id":11710264,"date":"2020-11-20T08:17:00","date_gmt":"2020-11-20T12:17:00","guid":{"rendered":"http:\/\/www.corumbaonline.com.br\/news\/?p=11710264"},"modified":"2020-11-20T09:00:08","modified_gmt":"2020-11-20T13:00:08","slug":"alems-promove-audiencia-publica-remota-para-prestacao-de-contas-da-saude","status":"publish","type":"post","link":"https:\/\/www.corumbaonline.com.br\/news\/alems-promove-audiencia-publica-remota-para-prestacao-de-contas-da-saude\/","title":{"rendered":"ALEMS promove audi\u00eancia p\u00fablica remota para presta\u00e7\u00e3o de contas da Sa\u00fade"},"content":{"rendered":"<p>A Assembleia Legislativa de Mato Grosso do Sul (ALEMS) promove, na pr\u00f3xima segunda-feira (23) \u00e0s 14h, audi\u00eancia p\u00fablica remota para receber a presta\u00e7\u00e3o de contas da Secretaria de Estado de Sa\u00fade (SES). A reuni\u00e3o proposta pelo presidente da Comiss\u00e3o de Sa\u00fade da Casa de Leis, deputado Ant\u00f4nio Vaz (Republicanos), ser\u00e1 transmitida ao vivo.<\/p>\n<p>O p\u00fablico poder\u00e1 acompanhar o evento por meio do canal 9 da Claro Net TV,\u00a0<a href=\"https:\/\/al.ms.gov.br\/TvAssembleia\">TV ALEMS<\/a>,\u00a0<a href=\"https:\/\/www.youtube.com\/c\/assembleialegislativadems\">Youtube<\/a>,\u00a0<a href=\"https:\/\/www.facebook.com\/assembleiams\">Facebook<\/a>,\u00a0<a href=\"https:\/\/al.ms.gov.br\/RadioAssembleia\/Audios?idMenu=601\">R\u00e1dio ALEMS<\/a>\u00a0e aplicativo Assembleia MS (<a href=\"https:\/\/play.google.com\/store\/apps\/details?id=br.com.app.gpu1553513.gpu40f07c507865e03ef66422c7404ba120&amp;hl=pt_BR\">Android<\/a>\/<a href=\"https:\/\/apps.apple.com\/br\/app\/assembleia-legislativa-do-ms\/id1185708415\">iOS<\/a>). Esta ser\u00e1 a segunda edi\u00e7\u00e3o da presta\u00e7\u00e3o de contas em 2020. Confira como foi a \u00faltima reuni\u00e3o\u00a0<a href=\"https:\/\/al.ms.gov.br\/Noticias\/97978\/em-quadrimestre-de-pandemia-executivo-informa-r-490-milhoes-em-gastos-com-saude\" target=\"_blank\" rel=\"noopener noreferrer\">neste link<\/a>.<\/p>\n<figure class=\"image\"><a href=\"https:\/\/al.ms.gov.br\/upload\/News\/2020\/11\/2020_11_18_02_27_33_d7bca563-a978-4137-89da-06fb25aeff64.jpg\" data-toggle=\"lightbox\"><img loading=\"lazy\" decoding=\"async\" src=\"https:\/\/al.ms.gov.br\/upload\/News\/2020\/11\/2020_11_18_02_27_33_d7bca563-a978-4137-89da-06fb25aeff64.jpg\" alt=\"\" width=\"400\" height=\"267\" \/><\/a><figcaption>Evento foi proposto pelo deputado Ant\u00f4nio Vaz,<\/p>\n<p>presidente da Comiss\u00e3o de Sa\u00fade da ALEMS<\/p>\n<p><em>Foto: Luciana Nassar<\/em><\/figcaption><\/figure>\n<p><strong>Relat\u00f3rio\u00a0do segundo quadrimestre<\/strong><\/p>\n<p>Durante o evento, ser\u00e1\u00a0apresentado\u00a0o detalhamento dos recursos aplicados e dos servi\u00e7os oferecidos \u00e0 popula\u00e7\u00e3o no segundo quadrimestre de 2020 (maio, junho, julho e agosto).<\/p>\n<p>&#8220;O relat\u00f3rio de presta\u00e7\u00e3o de contas tem por finalidade documentar e divulgar para a sociedade e para os \u00f3rg\u00e3os de controle as a\u00e7\u00f5es do servi\u00e7o de sa\u00fade. Na oportunidade, n\u00f3s tamb\u00e9m falaremos sobre o que est\u00e1 sendo gasto no combate \u00e0 Covid-19&#8221;, explicou o deputado Ant\u00f4nio Vaz.<\/p>\n<p>A realiza\u00e7\u00e3o da reuni\u00e3o \u00e9 prevista na\u00a0<a href=\"http:\/\/www.planalto.gov.br\/ccivil_03\/Leis\/LCP\/Lcp141.htm\" target=\"_blank\" rel=\"noopener noreferrer\">Lei Complementar 141\/2012<\/a>. De acordo com \u00a7 5\u00ba do art. 36, o gestor do Sistema \u00danico de Sa\u00fade (SUS) apresentar\u00e1, em audi\u00eancia p\u00fablica na Casa Legislativa, o relat\u00f3rio com a presta\u00e7\u00e3o de contas e o demonstrativo das despesas com sa\u00fade.<\/p>\n<p>A Comiss\u00e3o de Sa\u00fade da ALEMS \u00e9 o \u00f3rg\u00e3o respons\u00e1vel por receber a presta\u00e7\u00e3o de contas. O grupo tamb\u00e9m acompanha as a\u00e7\u00f5es e servi\u00e7os de sa\u00fade p\u00fablica, campanhas, erradica\u00e7\u00e3o de doen\u00e7as end\u00eamicas, vigil\u00e2ncia epidemiol\u00f3gica, bioestat\u00edstica e imuniza\u00e7\u00f5es. Cabe tamb\u00e9m \u00e0 Comiss\u00e3o exigir o controle de drogas, medicamentos e alimentos; sangue e hemoderivados; higiene, educa\u00e7\u00e3o e assist\u00eancia sanit\u00e1ria em todo o territ\u00f3rio sul-mato-grossense. Fazem parte do grupo os deputados Felipe Orro (PSDB), Lucas de Lima (Solidariedade), Renato C\u00e2mara (MDB) e Pedro Kemp (PT).<\/p>\n","protected":false},"excerpt":{"rendered":"<p>A Assembleia Legislativa de Mato Grosso do Sul (ALEMS) promove, na pr\u00f3xima segunda-feira (23) \u00e0s&#8230;<\/p>\n","protected":false},"author":12,"featured_media":0,"comment_status":"closed","ping_status":"closed","sticky":false,"template":"","format":"standard","meta":{"footnotes":""},"categories":[19],"tags":[],"class_list":["post-11710264","post","type-post","status-publish","format-standard","hentry","category-politica"],"_links":{"self":[{"href":"https:\/\/www.corumbaonline.com.br\/news\/wp-json\/wp\/v2\/posts\/11710264","targetHints":{"allow":["GET"]}}],"collection":[{"href":"https:\/\/www.corumbaonline.com.br\/news\/wp-json\/wp\/v2\/posts"}],"about":[{"href":"https:\/\/www.corumbaonline.com.br\/news\/wp-json\/wp\/v2\/types\/post"}],"author":[{"embeddable":true,"href":"https:\/\/www.corumbaonline.com.br\/news\/wp-json\/wp\/v2\/users\/12"}],"replies":[{"embeddable":true,"href":"https:\/\/www.corumbaonline.com.br\/news\/wp-json\/wp\/v2\/comments?post=11710264"}],"version-history":[{"count":1,"href":"https:\/\/www.corumbaonline.com.br\/news\/wp-json\/wp\/v2\/posts\/11710264\/revisions"}],"predecessor-version":[{"id":11710265,"href":"https:\/\/www.corumbaonline.com.br\/news\/wp-json\/wp\/v2\/posts\/11710264\/revisions\/11710265"}],"wp:attachment":[{"href":"https:\/\/www.corumbaonline.com.br\/news\/wp-json\/wp\/v2\/media?parent=11710264"}],"wp:term":[{"taxonomy":"category","embeddable":true,"href":"https:\/\/www.corumbaonline.com.br\/news\/wp-json\/wp\/v2\/categories?post=11710264"},{"taxonomy":"post_tag","embeddable":true,"href":"https:\/\/www.corumbaonline.com.br\/news\/wp-json\/wp\/v2\/tags?post=11710264"}],"curies":[{"name":"wp","href":"https:\/\/api.w.org\/{rel}","templated":true}]}}