{"id":11710291,"date":"2020-11-20T10:25:00","date_gmt":"2020-11-20T14:25:00","guid":{"rendered":"http:\/\/www.corumbaonline.com.br\/news\/?p=11710291"},"modified":"2020-11-23T11:06:21","modified_gmt":"2020-11-23T15:06:21","slug":"sesi-promove-terca-feira-gratuitamente-o-3o-aulao-online-preparatorio-para-o-enem","status":"publish","type":"post","link":"https:\/\/www.corumbaonline.com.br\/news\/sesi-promove-terca-feira-gratuitamente-o-3o-aulao-online-preparatorio-para-o-enem\/","title":{"rendered":"Sesi promove ter\u00e7a-feira gratuitamente o 3\u00ba &#8220;aul\u00e3o online&#8221; preparat\u00f3rio para o Enem"},"content":{"rendered":"<p class=\"x_MsoNormal\">Em continuidade com a programa\u00e7\u00e3o preparat\u00f3ria para o Enem (Exame Nacional do Ensino M\u00e9dio), a Rede de Ensino do Sesi de Mato Grosso do Sul promove, nesta ter\u00e7a-feira (24), \u00e0s 9h, pelo <b><a href=\"https:\/\/www.youtube.com\/channel\/UCdhKg8aXe2r917GIfH55AHQ\" target=\"_blank\" rel=\"noopener noreferrer\">Canal do Sesi MS<\/a><\/b>\u00a0no Youtube, o 3\u00ba e \u00faltimo &#8220;aul\u00e3o online&#8221;, totalmente gratuito, que ter\u00e1 como tema a disciplina de Matem\u00e1tica.<\/p>\n<p class=\"x_MsoNormal\">\n<p class=\"x_MsoNormal\">N\u00e3o \u00e9 necess\u00e1rio fazer inscri\u00e7\u00e3o pr\u00e9via, basta acessar o link\u00a0<b><a href=\"https:\/\/www.youtube.com\/watch?v=PTCXcQ_zXaA\" target=\"_blank\" rel=\"noopener noreferrer\">https:\/\/www.youtube.com\/watch?v=PTCXcQ_zXaA<\/a><\/b>\u00a0e acompanhar a transmiss\u00e3o, que ter\u00e1 dura\u00e7\u00e3o de duas horas. O aul\u00e3o abordar\u00e1 as principais \u00e1reas da Matem\u00e1tica que costumam cair no exame e os professores e resolver\u00e3o quest\u00f5es que j\u00e1 ca\u00edram em provas de vestibulares tradicionais do Pa\u00eds, al\u00e9m de tirar d\u00favidas e interagir com os estudantes, que poder\u00e3o enviar perguntas.<\/p>\n<p class=\"x_MsoNormal\">\n<p class=\"x_MsoNormal\">Com a media\u00e7\u00e3o da professora Lena Ara\u00fajo, da Escola do Sesi de Aparecida do Taboado, o aul\u00e3o ter\u00e1 as participa\u00e7\u00f5es dos professores Celson J\u00fanior, da Escola do Sesi de Tr\u00eas Lagoas, Viviane Ramos, da Escola do Sesi de Campo Grande, Jardel Sousa, da Escola do Sesi de Boa Vista (RR), e do professor Cau\u00e3 Vilte, da Escola do Sesi de Salvador (BA), que resolver\u00e3o os problemas e ajudar\u00e3o a tirar as d\u00favidas que surgirem.<\/p>\n<p class=\"x_MsoNormal\">\n<p class=\"x_MsoNormal\">&#8220;A Rede de Ensino do Sesi no Estado vem desenvolvendo uma s\u00e9rie de a\u00e7\u00f5es para manter e at\u00e9 mesmo elevar a qualidade do ensino e prepara\u00e7\u00e3o dos nossos alunos para os grandes desafios de sua forma\u00e7\u00e3o, como o vestibular&#8221;, afirmou o superintendente do Sesi, Bergson Amarilla, destacando a cria\u00e7\u00e3o de um Comit\u00ea do Ensino M\u00e9dio, que se re\u00fane periodicamente para discutir formatos e diretrizes pedag\u00f3gicas das sete escolas que comp\u00f5em a rede no Estado.<\/p>\n<p class=\"x_MsoNormal\">\n<p class=\"x_MsoNormal\">Para quem n\u00e3o puder assistir ao vivo, o 3\u00ba aul\u00e3o online ficar\u00e1 gravado e dispon\u00edvel no\u00a0<b><a href=\"https:\/\/www.youtube.com\/channel\/UCdhKg8aXe2r917GIfH55AHQ\" target=\"_blank\" rel=\"noopener noreferrer\">Canal do Sesi MS<\/a><\/b>\u00a0no YouTube, onde tamb\u00e9m j\u00e1 est\u00e3o o 1\u00ba aul\u00e3o online, que teve como tema Linguagens e Reda\u00e7\u00e3o (<b><a href=\"https:\/\/www.youtube.com\/watch?v=FJY6aoGVbBA&amp;feature=youtu.be\" target=\"_blank\" rel=\"noopener noreferrer\">https:\/\/www.youtube.com\/watch?v=FJY6aoGVbBA&amp;feature=youtu.be<\/a><\/b>), e o 2\u00ba aul\u00e3o online, que teve como tema Ci\u00eancias Humanas e da Natureza (<b><a href=\"https:\/\/www.youtube.com\/watch?v=QemrL-Zr8-g\" target=\"_blank\" rel=\"noopener noreferrer\">https:\/\/www.youtube.com\/watch?v=QemrL-Zr8-g<\/a><\/b>).<\/p>\n","protected":false},"excerpt":{"rendered":"<p>Em continuidade com a programa\u00e7\u00e3o preparat\u00f3ria para o Enem (Exame Nacional do Ensino M\u00e9dio), a&#8230;<\/p>\n","protected":false},"author":9,"featured_media":0,"comment_status":"closed","ping_status":"closed","sticky":false,"template":"","format":"standard","meta":{"footnotes":""},"categories":[10],"tags":[],"class_list":["post-11710291","post","type-post","status-publish","format-standard","hentry","category-educacao"],"_links":{"self":[{"href":"https:\/\/www.corumbaonline.com.br\/news\/wp-json\/wp\/v2\/posts\/11710291","targetHints":{"allow":["GET"]}}],"collection":[{"href":"https:\/\/www.corumbaonline.com.br\/news\/wp-json\/wp\/v2\/posts"}],"about":[{"href":"https:\/\/www.corumbaonline.com.br\/news\/wp-json\/wp\/v2\/types\/post"}],"author":[{"embeddable":true,"href":"https:\/\/www.corumbaonline.com.br\/news\/wp-json\/wp\/v2\/users\/9"}],"replies":[{"embeddable":true,"href":"https:\/\/www.corumbaonline.com.br\/news\/wp-json\/wp\/v2\/comments?post=11710291"}],"version-history":[{"count":1,"href":"https:\/\/www.corumbaonline.com.br\/news\/wp-json\/wp\/v2\/posts\/11710291\/revisions"}],"predecessor-version":[{"id":11710338,"href":"https:\/\/www.corumbaonline.com.br\/news\/wp-json\/wp\/v2\/posts\/11710291\/revisions\/11710338"}],"wp:attachment":[{"href":"https:\/\/www.corumbaonline.com.br\/news\/wp-json\/wp\/v2\/media?parent=11710291"}],"wp:term":[{"taxonomy":"category","embeddable":true,"href":"https:\/\/www.corumbaonline.com.br\/news\/wp-json\/wp\/v2\/categories?post=11710291"},{"taxonomy":"post_tag","embeddable":true,"href":"https:\/\/www.corumbaonline.com.br\/news\/wp-json\/wp\/v2\/tags?post=11710291"}],"curies":[{"name":"wp","href":"https:\/\/api.w.org\/{rel}","templated":true}]}}