{"id":11710309,"date":"2020-11-21T17:02:06","date_gmt":"2020-11-21T21:02:06","guid":{"rendered":"http:\/\/www.corumbaonline.com.br\/news\/?p=11710309"},"modified":"2020-11-21T17:02:08","modified_gmt":"2020-11-21T21:02:08","slug":"mp-descobriu-que-flavio-omitiu-r-90-mil-em-acoes-no-ir","status":"publish","type":"post","link":"https:\/\/www.corumbaonline.com.br\/news\/mp-descobriu-que-flavio-omitiu-r-90-mil-em-acoes-no-ir\/","title":{"rendered":"MP descobriu que Fl\u00e1vio omitiu R$ 90 mil em a\u00e7\u00f5es no IR"},"content":{"rendered":"<p>Durante a an\u00e1lise da evolu\u00e7\u00e3o patrimonial do senador\u00a0Fl\u00e1vio Bolsonaro\u00a0na investiga\u00e7\u00e3o sobre as &#8216;rachadinhas&#8217; na Assembleia Legislativa do Rio, o Minist\u00e9rio P\u00fablico fluminense descobriu que o filho &#8217;01&#8217; do presidente Jair\u00a0Bolsonaro\u00a0omitiu da Receita, no per\u00edodo entre 2007 e 2009, investimentos no mercado de a\u00e7\u00f5es que totalizam R$ 90 mil. Segundo os investigadores, as opera\u00e7\u00f5es foram reveladas posteriormente pelo pr\u00f3prio senador, ao entrar com a\u00e7\u00e3o judicial reparat\u00f3ria depois de perder todo o capital investido.<\/p>\n<div>\n<div>&#8220;De acordo com a senten\u00e7a proferida pela 36\u00aa Vara C\u00edvel do Foro Central da Comarca de S\u00e3o Paulo nos autos do processo n\u00ba 0119720-69.2011.8.26.010022, o Parlamentar declarou ter investido R$ 90.000,00 na bolsa de valores ao longo de 2007 e 2008 e ter perdido todo o investimento, gerando uma d\u00edvida de R$ 15.500,00 com a corretora que, segundo alegado pelo pr\u00f3prio autor, teria sido quitada em dinheiro vivo, o que resultou em gastos de pelo menos R$ 105.500,00 no per\u00edodo&#8221;, afirma o MP do Rio.<\/div>\n<div>\n<p>A indica\u00e7\u00e3o consta na den\u00fancia que imputa a Fl\u00e1vio Bolsonaro e outros 16 denunciados &#8211; entre eles o ex-assessor parlamentar Fabr\u00edcio Queiroz, a mulher do senador Fernanda Bolsonaro, e o atual chefe de gabinete do parlamentar, Miguel \u00c2ngelo Braga Grillo &#8211; crimes de organiza\u00e7\u00e3o criminosa, peculato e lavagem de dinheiro.<\/p>\n<p>A pe\u00e7a de 290 p\u00e1ginas que esmi\u00fa\u00e7a os detalhes da investiga\u00e7\u00e3o sobre a quadrilha que o filho do presidente \u00e9 acusado de liderar est\u00e1 nas m\u00e3os do desembargador<\/p>\n<p>Os R$ 90 mil omitidos por Fl\u00e1vio chamaram a aten\u00e7\u00e3o dos investigadores durante a an\u00e1lise dos registros de transa\u00e7\u00f5es imobili\u00e1rias, fiscais e banc\u00e1rias do senador entre 2007 e 2009, quando Fl\u00e1vio ainda era solteiro e tinha como \u00fanica fonte de renda tributada a remunera\u00e7\u00e3o do cargo de deputado estadual. Segundo o MP do Rio, em tal per\u00edodo, o ent\u00e3o deputado ainda &#8216;fazia pouqu\u00edssimo uso de servi\u00e7os banc\u00e1rios como cart\u00f5es de cr\u00e9dito e d\u00e9bito, revelando predile\u00e7\u00e3o pelo uso de dinheiro em esp\u00e9cie&#8217;.<\/p>\n<p>&#8220;Nesse per\u00edodo de 36 meses os extratos do l\u00edder da organiza\u00e7\u00e3o criminosa demonstraram que a soma dos pagamentos das faturas de cart\u00f5es de cr\u00e9dito representou o valor de R$ 7.025,13, o que equivale a uma m\u00e9dia mensal de apenas R$ 195,14, sendo que em pelo menos 21 meses foram registrados somente os pagamentos das tarifas de manuten\u00e7\u00e3o do cart\u00e3o, no valor de R$ 8,33. De forma similar, seus gastos com cart\u00f5es de d\u00e9bito somaram apenas R$ 7.092,04, o que representa uma m\u00e9dia mensal de R$ 197,00 no mesmo per\u00edodo&#8221;.<\/p>\n<p>Na den\u00fancia, o MP do Rio ainda apontou que o senador registrou em suas declara\u00e7\u00f5es de imposto de renda a promessa de compra de 12 salas comerciais no Condom\u00ednio Barra Prime Offices, tendo pago R$ 297 mil pelos im\u00f3veis.<\/p>\n<p>Os pagamentos para a imobili\u00e1ria foram todos realizados em um m\u00eas, dezembro de 2008, totalizando R$ 262 mil, sendo que o parlamentar tinha sacado somente R$ 21 mil de sua conta no referido m\u00eas.<\/p>\n<p>Cerca de 65% das despesas para a aquisi\u00e7\u00e3o das salas comerciais no ano de 2008 foram quitadas com cheques de terceiros e dep\u00f3sitos em esp\u00e9cie, dizem os investigadores.<\/p>\n<p>A Promotoria aponta &#8216;fortes ind\u00edcios&#8217; de que parte dos pagamentos tenham sido realizados com dinheiro em esp\u00e9cie oriundo de &#8216;fontes estranhas aos subs\u00eddios&#8217; de Fl\u00e1vio, mas declara\u00e7\u00f5es do senador \u00e0 Receita registraram a contrata\u00e7\u00e3o de empr\u00e9stimos com familiares e assessores parlamentares de seus familiares na ordem de R$ 230 mil.<\/p>\n<p>&#8220;Apesar da inexist\u00eancia de comprova\u00e7\u00e3o material das opera\u00e7\u00f5es declaradas ao Fisco, (o montante) seria, em tese, suficiente para justificar pelo menos parte dos pagamentos do empreendimento imobili\u00e1rio&#8221;.<\/p>\n<p>A den\u00fancia indica ainda que os empr\u00e9stimos utilizado para o pagamento das salas comerciais foram quitados entre 2011 e 2013, em esp\u00e9cie, sendo que a opera\u00e7\u00e3o foi admitida pelo pr\u00f3prio senador.<\/p>\n<p>Ap\u00f3s a den\u00fancia, os advogados Rodrigo Roca, Luciana Pires e Juliana Bierrenbach, que defendem o senador Fl\u00e1vio Bolsonaro, divulgaram uma nota classificando as imputa\u00e7\u00f5es do Minist\u00e9rio P\u00fablico do Rio como &#8216;cr\u00f4nica macabra e mal engendrada&#8217; e afirmando que &#8216;todos os defeitos de forma e de fundo&#8217; da den\u00fancia ser\u00e3o pontuados na formaliza\u00e7\u00e3o da defesa.<\/p>\n<p>&#8220;Em fun\u00e7\u00e3o do segredo de Justi\u00e7a, a defesa est\u00e1 impedida de comentar detalhes, mas garante que a den\u00fancia contra Fl\u00e1vio Bolsonaro \u00e9 insustent\u00e1vel. Dentre v\u00edcios processuais e erros de narrativa e matem\u00e1ticos, a tese acusat\u00f3ria forjada contra o senador se mostra invi\u00e1vel e n\u00e3o passa de uma cr\u00f4nica macabra e mal engendrada, influenciada por grupos que t\u00eam claros interesses pol\u00edticos e que, agora, tentam voltar ao poder. A den\u00fancia, com tantos erros e v\u00edcios, n\u00e3o deve ser sequer recebida pelo \u00d3rg\u00e3o Especial. Todos os defeitos de forma e de fundo da den\u00fancia ser\u00e3o pontuados e rebatidos em documento pr\u00f3prios e no momento adequado&#8221;.<\/p>\n<p>O advogado Paulo Em\u00edlio Catta Preta, que defendeu Fabr\u00edcio Queiroz, divulgou a seguinte nota:<\/p>\n<p>&#8220;A defesa de Fabr\u00edcio Queiroz tomou conhecimento da not\u00edcia do oferecimento de den\u00fancia pelo MPRJ, sem, no entanto, ter tido acesso ao seu conte\u00fado. Inaugura-se a inst\u00e2ncia judicial, momento em que ser\u00e1 poss\u00edvel exercer o contradit\u00f3rio defensivo, com a impugna\u00e7\u00e3o das provas acusat\u00f3rias e produ\u00e7\u00e3o de contraprovas que demonstrar\u00e3o a improced\u00eancia das acusa\u00e7\u00f5es e, logo, a sua inoc\u00eancia&#8221;.<\/p>\n<\/div>\n<\/div>\n","protected":false},"excerpt":{"rendered":"<p>Durante a an\u00e1lise da evolu\u00e7\u00e3o patrimonial do senador\u00a0Fl\u00e1vio Bolsonaro\u00a0na investiga\u00e7\u00e3o sobre as &#8216;rachadinhas&#8217; na Assembleia&#8230;<\/p>\n","protected":false},"author":11,"featured_media":0,"comment_status":"closed","ping_status":"closed","sticky":false,"template":"","format":"standard","meta":{"footnotes":""},"categories":[19],"tags":[],"class_list":["post-11710309","post","type-post","status-publish","format-standard","hentry","category-politica"],"_links":{"self":[{"href":"https:\/\/www.corumbaonline.com.br\/news\/wp-json\/wp\/v2\/posts\/11710309","targetHints":{"allow":["GET"]}}],"collection":[{"href":"https:\/\/www.corumbaonline.com.br\/news\/wp-json\/wp\/v2\/posts"}],"about":[{"href":"https:\/\/www.corumbaonline.com.br\/news\/wp-json\/wp\/v2\/types\/post"}],"author":[{"embeddable":true,"href":"https:\/\/www.corumbaonline.com.br\/news\/wp-json\/wp\/v2\/users\/11"}],"replies":[{"embeddable":true,"href":"https:\/\/www.corumbaonline.com.br\/news\/wp-json\/wp\/v2\/comments?post=11710309"}],"version-history":[{"count":1,"href":"https:\/\/www.corumbaonline.com.br\/news\/wp-json\/wp\/v2\/posts\/11710309\/revisions"}],"predecessor-version":[{"id":11710310,"href":"https:\/\/www.corumbaonline.com.br\/news\/wp-json\/wp\/v2\/posts\/11710309\/revisions\/11710310"}],"wp:attachment":[{"href":"https:\/\/www.corumbaonline.com.br\/news\/wp-json\/wp\/v2\/media?parent=11710309"}],"wp:term":[{"taxonomy":"category","embeddable":true,"href":"https:\/\/www.corumbaonline.com.br\/news\/wp-json\/wp\/v2\/categories?post=11710309"},{"taxonomy":"post_tag","embeddable":true,"href":"https:\/\/www.corumbaonline.com.br\/news\/wp-json\/wp\/v2\/tags?post=11710309"}],"curies":[{"name":"wp","href":"https:\/\/api.w.org\/{rel}","templated":true}]}}