{"id":11710332,"date":"2020-11-23T10:02:00","date_gmt":"2020-11-23T14:02:00","guid":{"rendered":"http:\/\/www.corumbaonline.com.br\/news\/?p=11710332"},"modified":"2020-11-23T10:40:12","modified_gmt":"2020-11-23T14:40:12","slug":"inep-disponibiliza-cartao-de-confirmacao-do-revalida-2020","status":"publish","type":"post","link":"https:\/\/www.corumbaonline.com.br\/news\/inep-disponibiliza-cartao-de-confirmacao-do-revalida-2020\/","title":{"rendered":"Inep disponibiliza cart\u00e3o de confirma\u00e7\u00e3o do Revalida 2020"},"content":{"rendered":"<p>O Instituto Nacional de Estudos e Pesquisas Educacionais An\u00edsio Teixeira (Inep) disponibiliza, hoje (23), o cart\u00e3o de confirma\u00e7\u00e3o da inscri\u00e7\u00e3o para o Exame Nacional de Revalida\u00e7\u00e3o de Diplomas M\u00e9dicos Expedidos por Institui\u00e7\u00e3o de Educa\u00e7\u00e3o Superior Estrangeira (Revalida) 2020. O documento pode ser acessado pela P\u00e1gina do Participante, no\u00a0<a href=\"http:\/\/revalida.inep.gov.br\/revalida\/\" target=\"_blank\" rel=\"noopener noreferrer\">Sistema Revalida.<\/a><img decoding=\"async\" src=\"https:\/\/agenciabrasil.ebc.com.br\/ebc.png?id=1394251&amp;o=node\" \/><img decoding=\"async\" src=\"https:\/\/agenciabrasil.ebc.com.br\/ebc.gif?id=1394251&amp;o=node\" \/><\/p>\n<p>As provas da primeira etapa do Revalida 2020 ser\u00e3o aplicadas no dia 6 de dezembro e, apesar de n\u00e3o ser obrigat\u00f3rio, o Inep recomenda que o participante leve o cart\u00e3o impresso. O documento cont\u00e9m informa\u00e7\u00f5es como n\u00famero de inscri\u00e7\u00e3o, data, hora e local do exame e registra tamb\u00e9m se o participante deve contar com atendimento especializado, assim como tratamento pelo nome social, caso essas solicita\u00e7\u00f5es tenham sido feitas e aprovadas.<\/p>\n<p>A aplica\u00e7\u00e3o das provas seguir\u00e1 o hor\u00e1rio de Bras\u00edlia e acontece de manh\u00e3 e \u00e0 tarde. A abertura dos port\u00f5es ocorrer\u00e1 \u00e0s 7h (manh\u00e3) e \u00e0s 14h30 (tarde). J\u00e1 o fechamento ser\u00e1 \u00e0s 7h45 (manh\u00e3) e \u00e0s 15h15 (tarde). As provas come\u00e7am \u00e0s 8h (manh\u00e3) e \u00e0s 15h30 (tarde). O t\u00e9rmino ser\u00e1 \u00e0s 13h (manh\u00e3) e 19h30 (tarde).<\/p>\n<p>No total, 16.452 m\u00e9dicos se inscreveram para esta edi\u00e7\u00e3o do exame e 15.498 inscri\u00e7\u00f5es foram confirmadas. Em 2020, o Revalida ser\u00e1 aplicado em 13 cidades na primeira etapa: Bel\u00e9m (PA), Belo Horizonte (MG), Bras\u00edlia (DF), Campo Grande (MS), Curitiba (PR), Fortaleza (CE), Manaus (AM), Porto Alegre (RS), Recife (PE), Rio Branco (AC), Rio de Janeiro (RJ), Salvador (BA) e S\u00e3o Paulo (SP).<\/p>\n<p>Somente os aprovados na primeira etapa podem participar da segunda etapa. De acordo com o Inep, uma novidade nesta edi\u00e7\u00e3o \u00e9 que, se o m\u00e9dico formado no exterior reprovar na segunda etapa, poder\u00e1 se reinscrever diretamente nessa fase, nas duas edi\u00e7\u00f5es consecutivas. Anteriormente, era necess\u00e1rio realizar todo o processo desde o in\u00edcio. Cronograma, diretrizes e procedimentos da segunda etapa ser\u00e3o publicados, posteriormente, em edital pr\u00f3prio.<\/p>\n<p>O exame \u00e9 aplicado pelo Inep desde 2011 e tem o objetivo de verificar os conhecimentos, habilidades e compet\u00eancias requeridos para o exerc\u00edcio profissional adequado aos princ\u00edpios e necessidades do Sistema \u00danico de Sa\u00fade, em n\u00edvel equivalente ao exigido dos m\u00e9dicos formados no Brasil. A revalida\u00e7\u00e3o do diploma \u00e9 responsabilidade das universidades p\u00fablicas que aderirem ao instrumento unificado de avalia\u00e7\u00e3o representado pelo Revalida.<\/p>\n","protected":false},"excerpt":{"rendered":"<p>O Instituto Nacional de Estudos e Pesquisas Educacionais An\u00edsio Teixeira (Inep) disponibiliza, hoje (23), o&#8230;<\/p>\n","protected":false},"author":4,"featured_media":0,"comment_status":"closed","ping_status":"closed","sticky":false,"template":"","format":"standard","meta":{"footnotes":""},"categories":[10],"tags":[],"class_list":["post-11710332","post","type-post","status-publish","format-standard","hentry","category-educacao"],"_links":{"self":[{"href":"https:\/\/www.corumbaonline.com.br\/news\/wp-json\/wp\/v2\/posts\/11710332","targetHints":{"allow":["GET"]}}],"collection":[{"href":"https:\/\/www.corumbaonline.com.br\/news\/wp-json\/wp\/v2\/posts"}],"about":[{"href":"https:\/\/www.corumbaonline.com.br\/news\/wp-json\/wp\/v2\/types\/post"}],"author":[{"embeddable":true,"href":"https:\/\/www.corumbaonline.com.br\/news\/wp-json\/wp\/v2\/users\/4"}],"replies":[{"embeddable":true,"href":"https:\/\/www.corumbaonline.com.br\/news\/wp-json\/wp\/v2\/comments?post=11710332"}],"version-history":[{"count":1,"href":"https:\/\/www.corumbaonline.com.br\/news\/wp-json\/wp\/v2\/posts\/11710332\/revisions"}],"predecessor-version":[{"id":11710333,"href":"https:\/\/www.corumbaonline.com.br\/news\/wp-json\/wp\/v2\/posts\/11710332\/revisions\/11710333"}],"wp:attachment":[{"href":"https:\/\/www.corumbaonline.com.br\/news\/wp-json\/wp\/v2\/media?parent=11710332"}],"wp:term":[{"taxonomy":"category","embeddable":true,"href":"https:\/\/www.corumbaonline.com.br\/news\/wp-json\/wp\/v2\/categories?post=11710332"},{"taxonomy":"post_tag","embeddable":true,"href":"https:\/\/www.corumbaonline.com.br\/news\/wp-json\/wp\/v2\/tags?post=11710332"}],"curies":[{"name":"wp","href":"https:\/\/api.w.org\/{rel}","templated":true}]}}