{"id":11710355,"date":"2020-11-24T08:05:00","date_gmt":"2020-11-24T12:05:00","guid":{"rendered":"http:\/\/www.corumbaonline.com.br\/news\/?p=11710355"},"modified":"2020-11-24T08:29:46","modified_gmt":"2020-11-24T12:29:46","slug":"alms-quatro-projetos-estao-previstos-para-a-sessao-plenaria-desta-terca-feira","status":"publish","type":"post","link":"https:\/\/www.corumbaonline.com.br\/news\/alms-quatro-projetos-estao-previstos-para-a-sessao-plenaria-desta-terca-feira\/","title":{"rendered":"ALMS: quatro projetos est\u00e3o previstos para a sess\u00e3o plen\u00e1ria desta ter\u00e7a-feira"},"content":{"rendered":"<p>Os deputados estaduais devem votar quatro projetos nesta ter\u00e7a-feira (24) em sess\u00e3o plen\u00e1ria da Assembleia Legislativa de Mato Grosso do Sul (ALEMS). Est\u00e1 pautada a aprecia\u00e7\u00e3o da reda\u00e7\u00e3o final do\u00a0<a href=\"http:\/\/sgpl.consulta.al.ms.gov.br\/sgpl-publico\/#\/linha-tempo?idProposicao=88446\" target=\"_blank\" rel=\"noopener noreferrer\">Projeto de Lei 18\/2020<\/a>\u00a0e, em segunda discuss\u00e3o, as vota\u00e7\u00f5es dos Projetos de Lei\u00a0<a href=\"http:\/\/sgpl.consulta.al.ms.gov.br\/sgpl-publico\/#\/linha-tempo?idProposicao=89949\" target=\"_blank\" rel=\"noopener noreferrer\">139\/2020<\/a>,\u00a0<a href=\"http:\/\/sgpl.consulta.al.ms.gov.br\/sgpl-publico\/#\/linha-tempo?idProposicao=90295\" target=\"_blank\" rel=\"noopener noreferrer\">158\/2020<\/a>\u00a0e\u00a0<a href=\"http:\/\/sgpl.consulta.al.ms.gov.br\/sgpl-publico\/#\/linha-tempo?idProposicao=91273\" target=\"_blank\" rel=\"noopener noreferrer\">210\/2020<\/a>.<\/p>\n<p>Aprovado por unanimidade em segunda discuss\u00e3o durante a sess\u00e3o do dia 18 deste m\u00eas, o Projeto de Lei 18\/2020 deve ser votado, hoje, em reda\u00e7\u00e3o final. A mat\u00e9ria, de autoria do deputado Paulo Corr\u00eaa (PSDB),\u00a0determina que as unidades de sa\u00fade p\u00fablicas e privadas afixem, em seus estabelecimentos, placas informativas, de car\u00e1ter educativo, sobre o procedimento judicial de ado\u00e7\u00e3o.<\/p>\n<p>Dos projetos pautados para segunda vota\u00e7\u00e3o, dois s\u00e3o de autoria de parlamentares e um, do Executivo. O Projeto de Lei 139\/2020, proposto pelo deputado L\u00eddio Lopes (PATRI), estabelece a obrigatoriedade de fornecimento pelas institui\u00e7\u00f5es de ensino p\u00fablico e privado de diploma impresso em Braille. J\u00e1 o Projeto de Lei 158\/2020, do deputado Ant\u00f4nio Vaz (Republicanos), cria programa de capacita\u00e7\u00e3o de profissionais da Educa\u00e7\u00e3o para atuarem na preven\u00e7\u00e3o ao uso de drogas por crian\u00e7as, adolescentes e jovens.<\/p>\n<p>De autoria do governo do Estado, o Projeto de Lei 210\/2020, tamb\u00e9m deve ser votado hoje. A proposta altera a\u00a0<a href=\"http:\/\/aacpdappls.net.ms.gov.br\/appls\/legislacao\/secoge\/govato.nsf\/1b758e65922af3e904256b220050342a\/81e0192c31f1df37042586110046fd92?OpenDocument&amp;Highlight=2,5.587\" target=\"_blank\" rel=\"noopener noreferrer\">Lei 5.587\/2020<\/a>, que autoriza o Poder Executivo a celebrar Termo Aditivo de Contrato firmado com a Uni\u00e3o.<\/p>\n<p>As sess\u00f5es ordin\u00e1rias da Casa de Leis s\u00e3o transmitidas\u00a0ao vivo no canal 9 da Claro\u00a0Net TV,\u00a0<a href=\"https:\/\/al.ms.gov.br\/TvAssembleia\" target=\"_blank\" rel=\"noopener noreferrer\">TV ALEMS<\/a>,\u00a0<a href=\"https:\/\/www.youtube.com\/c\/assembleialegislativadems\" target=\"_blank\" rel=\"noopener noreferrer\">Youtube<\/a>,\u00a0<a href=\"https:\/\/www.facebook.com\/assembleiams\" target=\"_blank\" rel=\"noopener noreferrer\">Facebook<\/a>,\u00a0<a href=\"https:\/\/al.ms.gov.br\/RadioAssembleia\/Audios?idMenu=601\" target=\"_blank\" rel=\"noopener noreferrer\">R\u00e1dio ALEMS<\/a>\u00a0e aplicativo Assembleia MS (<a href=\"https:\/\/play.google.com\/store\/apps\/details?id=br.com.app.gpu1553513.gpu40f07c507865e03ef66422c7404ba120&amp;hl=pt_BR\" target=\"_blank\" rel=\"noopener noreferrer\">Android<\/a>\/<a href=\"https:\/\/apps.apple.com\/br\/app\/assembleia-legislativa-do-ms\/id1185708415\" target=\"_blank\" rel=\"noopener noreferrer\">iOS<\/a>). A sess\u00e3o tem in\u00edcio a partir das 9h \u00e0s ter\u00e7as, quartas e quintas-feiras.<\/p>\n","protected":false},"excerpt":{"rendered":"<p>Os deputados estaduais devem votar quatro projetos nesta ter\u00e7a-feira (24) em sess\u00e3o plen\u00e1ria da Assembleia&#8230;<\/p>\n","protected":false},"author":12,"featured_media":0,"comment_status":"closed","ping_status":"closed","sticky":false,"template":"","format":"standard","meta":{"footnotes":""},"categories":[19],"tags":[],"class_list":["post-11710355","post","type-post","status-publish","format-standard","hentry","category-politica"],"_links":{"self":[{"href":"https:\/\/www.corumbaonline.com.br\/news\/wp-json\/wp\/v2\/posts\/11710355","targetHints":{"allow":["GET"]}}],"collection":[{"href":"https:\/\/www.corumbaonline.com.br\/news\/wp-json\/wp\/v2\/posts"}],"about":[{"href":"https:\/\/www.corumbaonline.com.br\/news\/wp-json\/wp\/v2\/types\/post"}],"author":[{"embeddable":true,"href":"https:\/\/www.corumbaonline.com.br\/news\/wp-json\/wp\/v2\/users\/12"}],"replies":[{"embeddable":true,"href":"https:\/\/www.corumbaonline.com.br\/news\/wp-json\/wp\/v2\/comments?post=11710355"}],"version-history":[{"count":1,"href":"https:\/\/www.corumbaonline.com.br\/news\/wp-json\/wp\/v2\/posts\/11710355\/revisions"}],"predecessor-version":[{"id":11710356,"href":"https:\/\/www.corumbaonline.com.br\/news\/wp-json\/wp\/v2\/posts\/11710355\/revisions\/11710356"}],"wp:attachment":[{"href":"https:\/\/www.corumbaonline.com.br\/news\/wp-json\/wp\/v2\/media?parent=11710355"}],"wp:term":[{"taxonomy":"category","embeddable":true,"href":"https:\/\/www.corumbaonline.com.br\/news\/wp-json\/wp\/v2\/categories?post=11710355"},{"taxonomy":"post_tag","embeddable":true,"href":"https:\/\/www.corumbaonline.com.br\/news\/wp-json\/wp\/v2\/tags?post=11710355"}],"curies":[{"name":"wp","href":"https:\/\/api.w.org\/{rel}","templated":true}]}}