{"id":11710373,"date":"2020-11-24T09:30:00","date_gmt":"2020-11-24T13:30:00","guid":{"rendered":"http:\/\/www.corumbaonline.com.br\/news\/?p=11710373"},"modified":"2020-11-24T10:03:10","modified_gmt":"2020-11-24T14:03:10","slug":"alms-ex-presidente-da-assembleia-legislativa-roberto-orro-morre-em-campo-grande","status":"publish","type":"post","link":"https:\/\/www.corumbaonline.com.br\/news\/alms-ex-presidente-da-assembleia-legislativa-roberto-orro-morre-em-campo-grande\/","title":{"rendered":"ALMS: ex-presidente da Assembleia Legislativa, Roberto Orro, morre em Campo Grande"},"content":{"rendered":"<p>Com grande pesar, a Assembleia Legislativa de Mato Grosso do Sul (ALEMS) lamenta a perda do ex-presidente e deputado constituinte Roberto Orro, uma refer\u00eancia para a pol\u00edtica sul-mato-grossense. Roberto Moaccar Orro\u00a0faleceu na noite dessa segunda-feira (23), em Campo Grande, aos 83 anos de idade, devido\u00a0a uma hipertens\u00e3o craniana. Orro lutava h\u00e1 alguns anos contra diversos problemas de sa\u00fade, tendo sido internado v\u00e1rias vezes nos \u00faltimos meses.\u00a0Os deputados fizeram um minuto de sil\u00eancio ao in\u00edcio da sess\u00e3o desta ter\u00e7a-feira (24). Ap\u00f3s a Ordem do Dia, a sess\u00e3o foi levantada.<\/p>\n<p>O presidente\u00a0da ALEMS, Paulo Corr\u00eaa (PSDB), lamentou esta grande perda para o cen\u00e1rio pol\u00edtico estadual. &#8220;Com pesar recebemos a not\u00edcia do falecimento do ex-deputado e ex-presidente da ALEMS, Roberto Orro, pai do nosso nobre colega Felipe Orro. Roberto era um homem \u00e0 frente de seu tempo, com uma hist\u00f3ria de vida entrela\u00e7ada ao Mato Grosso do Sul, e com uma bandeira de atua\u00e7\u00e3o que j\u00e1 deixou um legado para toda sociedade. Sua luta pelo meio ambiente, na defesa do Pantanal que tanto amava, sua paix\u00e3o pelo debate de ideias e pela democracia, e seu incessante trabalho por sua regi\u00e3o e seu Estado ficar\u00e3o marcados eternamente na mem\u00f3ria de todos que tiveram o privil\u00e9gio de convivo com este grande homem p\u00fablico. Perde o Estado, perde o Brasil!&#8221;, declarou.<\/p>\n<p>Roberto Orro exerceu o mandato de deputado estadual na ALEMS por quatro\u00a0 vezes, e foi presidente da Casa de Leis na 5\u00aa Legislatura, em sua primeira composi\u00e7\u00e3o de Mesa Diretora, de fevereiro de 1995 a janeiro de 1997. Sob seu comando, houve uma sess\u00e3o solene que inaugurou a integra\u00e7\u00e3o do Parlamento Estadual \u00e0 internet, o que possibilitou um maior acesso da popula\u00e7\u00e3o a\u00a0todo o trabalho e a\u00e7\u00e3o desempenhada pelos deputados estaduais de\u00a0Mato Grosso do Sul.<\/p>\n<p>Em 1986, foi eleito suplente de senador e assumiu a Secretaria de Justi\u00e7a do Estado. Sua trajet\u00f3ria pol\u00edtica foi marcada pela defesa dos direitos humanos, pela luta em favor da anistia e pela redemocratiza\u00e7\u00e3o do pa\u00eds. Roberto Orro deixa duas filhas e um filho, o deputado estadual Felipe Orro (PSDB), 9 netos e uma bisneta. O corpo ser\u00e1 transladado para Aquidauana ainda esta manh\u00e3, onde ser\u00e1 sepultado ap\u00f3s cerim\u00f4nia \u00edntima.<\/p>\n<p><strong>Homenagem<\/strong><\/p>\n<figure class=\"image\">\n<p><figure style=\"width: 406px\" class=\"wp-caption alignnone\"><a href=\"https:\/\/al.ms.gov.br\/upload\/News\/2020\/11\/2020_11_24_09_24_56_72a46cc9-03b2-47ee-a1c0-7cb66c4ee5fe.jpg\" data-toggle=\"lightbox\"><img loading=\"lazy\" decoding=\"async\" src=\"https:\/\/al.ms.gov.br\/upload\/News\/2020\/11\/2020_11_24_09_24_56_72a46cc9-03b2-47ee-a1c0-7cb66c4ee5fe.jpg\" alt=\"\" width=\"406\" height=\"270\" \/><\/a><figcaption class=\"wp-caption-text\">Oblitera\u00e7\u00e3o do selo alusivo aos 40 anos da Assembleia Legislativa<\/figcaption><\/figure><figcaption><\/figcaption><\/figure>\n<p>A \u00faltima homenagem recebida na Assembleia Legislativa foi em 25 de junho de 2019, dirigida aos deputados que promulgaram a primeira Constitui\u00e7\u00e3o do Estado, e tamb\u00e9m componentes da 1\u00aa Legislatura da Casa de Leis (1979\/2003). Presente no evento em que foi comemorado os 40 anos do Poder Legislativo, participou da oblitera\u00e7\u00e3o de selo alusivo aos 40 anos da Assembleia Legislativa de Mato Grosso do Sul e promulga\u00e7\u00e3o da 1\u00aa Constitui\u00e7\u00e3o de Mato Grosso do Sul.<\/p>\n<p><strong>Carta Magna<\/strong><\/p>\n<figure class=\"image\">\n<p><figure style=\"width: 540px\" class=\"wp-caption alignnone\"><a href=\"https:\/\/al.ms.gov.br\/upload\/News\/2020\/11\/2020_11_24_09_27_02_d3968f77-207b-4716-8553-eb491e84a93f.jpg\" data-toggle=\"lightbox\"><img loading=\"lazy\" decoding=\"async\" src=\"https:\/\/al.ms.gov.br\/upload\/News\/2020\/11\/2020_11_24_09_27_02_d3968f77-207b-4716-8553-eb491e84a93f.jpg\" alt=\"\" width=\"540\" height=\"360\" \/><\/a><figcaption class=\"wp-caption-text\">Orro tamb\u00e9m elaborou a primeira constitui\u00e7\u00e3o estadual, junto aos outros constituintes<\/figcaption><\/figure><\/figure>\n<p>Deputado constituinte, Roberto Orro tamb\u00e9m contribuiu com a elabora\u00e7\u00e3o da primeira Constitui\u00e7\u00e3o estadual, promulgada no dia 13 de junho de 1979, em solenidade presidida pelo deputado Londres Machado, quando a Assembleia Constituinte passou a ser denominada Assembleia Legislativa e os deputados constituintes tornaram-se deputados estaduais.<\/p>\n","protected":false},"excerpt":{"rendered":"<p>Com grande pesar, a Assembleia Legislativa de Mato Grosso do Sul (ALEMS) lamenta a perda&#8230;<\/p>\n","protected":false},"author":12,"featured_media":0,"comment_status":"closed","ping_status":"closed","sticky":false,"template":"","format":"standard","meta":{"footnotes":""},"categories":[19],"tags":[],"class_list":["post-11710373","post","type-post","status-publish","format-standard","hentry","category-politica"],"_links":{"self":[{"href":"https:\/\/www.corumbaonline.com.br\/news\/wp-json\/wp\/v2\/posts\/11710373","targetHints":{"allow":["GET"]}}],"collection":[{"href":"https:\/\/www.corumbaonline.com.br\/news\/wp-json\/wp\/v2\/posts"}],"about":[{"href":"https:\/\/www.corumbaonline.com.br\/news\/wp-json\/wp\/v2\/types\/post"}],"author":[{"embeddable":true,"href":"https:\/\/www.corumbaonline.com.br\/news\/wp-json\/wp\/v2\/users\/12"}],"replies":[{"embeddable":true,"href":"https:\/\/www.corumbaonline.com.br\/news\/wp-json\/wp\/v2\/comments?post=11710373"}],"version-history":[{"count":1,"href":"https:\/\/www.corumbaonline.com.br\/news\/wp-json\/wp\/v2\/posts\/11710373\/revisions"}],"predecessor-version":[{"id":11710374,"href":"https:\/\/www.corumbaonline.com.br\/news\/wp-json\/wp\/v2\/posts\/11710373\/revisions\/11710374"}],"wp:attachment":[{"href":"https:\/\/www.corumbaonline.com.br\/news\/wp-json\/wp\/v2\/media?parent=11710373"}],"wp:term":[{"taxonomy":"category","embeddable":true,"href":"https:\/\/www.corumbaonline.com.br\/news\/wp-json\/wp\/v2\/categories?post=11710373"},{"taxonomy":"post_tag","embeddable":true,"href":"https:\/\/www.corumbaonline.com.br\/news\/wp-json\/wp\/v2\/tags?post=11710373"}],"curies":[{"name":"wp","href":"https:\/\/api.w.org\/{rel}","templated":true}]}}