{"id":11710377,"date":"2020-11-24T09:59:00","date_gmt":"2020-11-24T13:59:00","guid":{"rendered":"http:\/\/www.corumbaonline.com.br\/news\/?p=11710377"},"modified":"2020-11-24T11:39:19","modified_gmt":"2020-11-24T15:39:19","slug":"camara-aprova-projeto-de-lei-que-cria-o-dia-municipal-do-jovem-pantaneiro","status":"publish","type":"post","link":"https:\/\/www.corumbaonline.com.br\/news\/camara-aprova-projeto-de-lei-que-cria-o-dia-municipal-do-jovem-pantaneiro\/","title":{"rendered":"C\u00e2mara aprova Projeto de Lei que cria o Dia Municipal do Jovem Pantaneiro"},"content":{"rendered":"<p>A C\u00e2mara de Corumb\u00e1 aprovou durante sess\u00e3o ordin\u00e1ria ocorrida na segunda-feira, 23, um Projeto de Lei de autoria do vereador Tadeu Vieira, que cria o Dia Municipal do Jovem Pantaneiro, que segue agora para aprecia\u00e7\u00e3o do Poder Executivo.<\/p>\n<p>A proposta do vereador visa conscientizar os jovens para o seu papel cidad\u00e3o e para a sua responsabilidade na constru\u00e7\u00e3o de uma sociedade mais justa e igualit\u00e1ria, al\u00e9m da forma\u00e7\u00e3o dos jovens nas dimens\u00f5es social, pol\u00edtica, cultural , educacional e pessoal.<\/p>\n<p>A data ser\u00e1 celebrada sempre no dia 31 de outubro, inclusive passando a figurar no calend\u00e1rio de eventos oficiais do Munic\u00edpio. \u201cPara esse dia, o Poder P\u00fablico poder\u00e1 organizar palestras s\u00f3cio educativas, bem como semin\u00e1rios e debates a serem desenvolvidos no \u00e2mbito do munic\u00edpio e extensivos a todos os jovens da nossa cidade\u201d, explicou Tadeu.<\/p>\n<p>Tadeu adiantou que, no Dia Municipal do Jovem Pantaneiro, poder\u00e3o ocorrer discuss\u00f5es com os diversos seguimentos da sociedade sobre a oportunidade do primeiro emprego para os jovens.<\/p>\n<p>Os problemas de sa\u00fade causados pelo uso de drogas, \u00e1lcool e cigarro; Doen\u00e7as Sexualmente Transmiss\u00edveis; prostitui\u00e7\u00e3o infantil; relacionamento familiar; debates sobre pr\u00e1ticas saud\u00e1vel de esportes; bem como outros temas afetos os jovens como pedofilia e cyberbullying.<\/p>\n<p>Prev\u00ea ainda a\u00e7\u00f5es em parcerias com a iniciativa privada como palestras, gincanas, festivais, apresenta\u00e7\u00f5es teatrais, shows e outras atividades.<\/p>\n","protected":false},"excerpt":{"rendered":"<p>A C\u00e2mara de Corumb\u00e1 aprovou durante sess\u00e3o ordin\u00e1ria ocorrida na segunda-feira, 23, um Projeto de&#8230;<\/p>\n","protected":false},"author":63,"featured_media":11710378,"comment_status":"closed","ping_status":"closed","sticky":false,"template":"","format":"standard","meta":{"footnotes":""},"categories":[19],"tags":[],"class_list":["post-11710377","post","type-post","status-publish","format-standard","has-post-thumbnail","hentry","category-politica"],"_links":{"self":[{"href":"https:\/\/www.corumbaonline.com.br\/news\/wp-json\/wp\/v2\/posts\/11710377","targetHints":{"allow":["GET"]}}],"collection":[{"href":"https:\/\/www.corumbaonline.com.br\/news\/wp-json\/wp\/v2\/posts"}],"about":[{"href":"https:\/\/www.corumbaonline.com.br\/news\/wp-json\/wp\/v2\/types\/post"}],"author":[{"embeddable":true,"href":"https:\/\/www.corumbaonline.com.br\/news\/wp-json\/wp\/v2\/users\/63"}],"replies":[{"embeddable":true,"href":"https:\/\/www.corumbaonline.com.br\/news\/wp-json\/wp\/v2\/comments?post=11710377"}],"version-history":[{"count":1,"href":"https:\/\/www.corumbaonline.com.br\/news\/wp-json\/wp\/v2\/posts\/11710377\/revisions"}],"predecessor-version":[{"id":11710379,"href":"https:\/\/www.corumbaonline.com.br\/news\/wp-json\/wp\/v2\/posts\/11710377\/revisions\/11710379"}],"wp:featuredmedia":[{"embeddable":true,"href":"https:\/\/www.corumbaonline.com.br\/news\/wp-json\/wp\/v2\/media\/11710378"}],"wp:attachment":[{"href":"https:\/\/www.corumbaonline.com.br\/news\/wp-json\/wp\/v2\/media?parent=11710377"}],"wp:term":[{"taxonomy":"category","embeddable":true,"href":"https:\/\/www.corumbaonline.com.br\/news\/wp-json\/wp\/v2\/categories?post=11710377"},{"taxonomy":"post_tag","embeddable":true,"href":"https:\/\/www.corumbaonline.com.br\/news\/wp-json\/wp\/v2\/tags?post=11710377"}],"curies":[{"name":"wp","href":"https:\/\/api.w.org\/{rel}","templated":true}]}}