{"id":11710387,"date":"2020-11-24T11:12:00","date_gmt":"2020-11-24T15:12:00","guid":{"rendered":"http:\/\/www.corumbaonline.com.br\/news\/?p=11710387"},"modified":"2020-11-24T12:40:51","modified_gmt":"2020-11-24T16:40:51","slug":"camara-aprova-homenagem-a-luan-santana-pelo-projeto-o-pantanal-chama","status":"publish","type":"post","link":"https:\/\/www.corumbaonline.com.br\/news\/camara-aprova-homenagem-a-luan-santana-pelo-projeto-o-pantanal-chama\/","title":{"rendered":"C\u00e2mara aprova homenagem a Luan Santana pelo projeto \u201cO Pantanal Chama\u201d"},"content":{"rendered":"<p>A C\u00e2mara Municipal de Corumb\u00e1 aprovou na noite de segunda-feira, durante sess\u00e3o ordin\u00e1ria, uma homenagem ao cantor Luan Santana, pela realiza\u00e7\u00e3o do projeto \u201cO Pantanal Chama\u201d, que pode transmitir o apelo pantaneiro ao mundo inteiro, em rela\u00e7\u00e3o \u00e0s queimadas na maior plan\u00edcie alagada do planeta.<\/p>\n<p>A iniciativa foi do vereador Chic\u00e3o Viana, com inclus\u00e3o dos vereadores Andr\u00e9 da Farm\u00e1cia, Domingos Albaneze e Roberto Fa\u00e7anha. Chic\u00e3o lembrou que a live do artista foi uma forma de arrecadar fundos para o movimento \u201cO Pantanal Chama\u201d, idealizado por ele, com realiza\u00e7\u00e3o da LS Music, Ideas Produ\u00e7\u00f5es Art\u00edsticas; SOS Pantanal; Los do Pantanal, por meio de seus s\u00f3cios Bruno, Junior e Luiz Felipe.<\/p>\n<p>A live de Luan Santana &#8220;#OPantanalChama&#8221;, foi transmitida no dia 22 de novembro, domingo, pelo seu canal oficial no YouTube, protagonizada artisticamente pelo pr\u00f3prio artista, e no canal televisivo do National Geographic.<\/p>\n<p>Em seu requerimento, Chic\u00e3o pediu que o artista seja homenageado com uma Mo\u00e7\u00e3o de Congratula\u00e7\u00e3o pelo brilhantismo de sua carreira e por estar diretamente envolvido na realiza\u00e7\u00e3o do projeto.<\/p>\n<p>Al\u00e9m da homenagem ao artista, o vereador teve tamb\u00e9m aprovados requerimentos para outorga de Mo\u00e7\u00f5es de Congratula\u00e7\u00f5es aos demais parceiros que tiveram participa\u00e7\u00e3o importante na realiza\u00e7\u00e3o de domingo.<\/p>\n<p>Os homenageados s\u00e3o o Instituto Homem Pantaneiro, representado por seu presidente, coronel \u00c2ngelo Rabelo; Joice Tur, representada por sua propriet\u00e1ria Joice Carla Santana; ao Instituto Socioambiental da Bacia do Alto Paraguai &#8211; SOS Pantanal; ao Movimento Uni\u00e3o BR; ao National Geographic Brasil; \u00e0 Ideas Produ\u00e7\u00f5es Art\u00edsticas, e \u00e0 LS Music.<\/p>\n<p>Ped\u00e1gio<\/p>\n<p>Por outro lado, ainda na sess\u00e3o de segunda, Chic\u00e3o Vianna apresentou requerimento direcionado \u00e0 Concession\u00e1ria Porto Morrinho LTDA, solicitando informa\u00e7\u00f5es sobre a arrecada\u00e7\u00e3o no ped\u00e1gio da ponte sobre o Rio Paraguai, no Porto Morrinho. Foi requerido envio de um demonstrativo, o que comp\u00f5e o valor cobrado pela concession\u00e1ria, assim como a destina\u00e7\u00e3o quantificada dos valores arrecadados.<\/p>\n<p>Ao mesmo tempo, o vereador pediu informa\u00e7\u00f5es junto \u00e0 Prefeitura sobre a projeto de decora\u00e7\u00e3o natalina, quando ser\u00e1 executado. \u201cAinda\u00a0 n\u00e3o h\u00e1 movimenta\u00e7\u00e3o e todos nos sabemos que a decora\u00e7\u00e3o \u00e9 uma forma de movimentar o com\u00e9rcio em nossa cidade, principalmente nesse\u00a0 momento que estamos vivendo, diante da pandemia da Covid-19\u201d, explicou.<\/p>\n","protected":false},"excerpt":{"rendered":"<p>A C\u00e2mara Municipal de Corumb\u00e1 aprovou na noite de segunda-feira, durante sess\u00e3o ordin\u00e1ria, uma homenagem&#8230;<\/p>\n","protected":false},"author":63,"featured_media":11710388,"comment_status":"closed","ping_status":"closed","sticky":false,"template":"","format":"standard","meta":{"footnotes":""},"categories":[19],"tags":[],"class_list":["post-11710387","post","type-post","status-publish","format-standard","has-post-thumbnail","hentry","category-politica"],"_links":{"self":[{"href":"https:\/\/www.corumbaonline.com.br\/news\/wp-json\/wp\/v2\/posts\/11710387","targetHints":{"allow":["GET"]}}],"collection":[{"href":"https:\/\/www.corumbaonline.com.br\/news\/wp-json\/wp\/v2\/posts"}],"about":[{"href":"https:\/\/www.corumbaonline.com.br\/news\/wp-json\/wp\/v2\/types\/post"}],"author":[{"embeddable":true,"href":"https:\/\/www.corumbaonline.com.br\/news\/wp-json\/wp\/v2\/users\/63"}],"replies":[{"embeddable":true,"href":"https:\/\/www.corumbaonline.com.br\/news\/wp-json\/wp\/v2\/comments?post=11710387"}],"version-history":[{"count":1,"href":"https:\/\/www.corumbaonline.com.br\/news\/wp-json\/wp\/v2\/posts\/11710387\/revisions"}],"predecessor-version":[{"id":11710389,"href":"https:\/\/www.corumbaonline.com.br\/news\/wp-json\/wp\/v2\/posts\/11710387\/revisions\/11710389"}],"wp:featuredmedia":[{"embeddable":true,"href":"https:\/\/www.corumbaonline.com.br\/news\/wp-json\/wp\/v2\/media\/11710388"}],"wp:attachment":[{"href":"https:\/\/www.corumbaonline.com.br\/news\/wp-json\/wp\/v2\/media?parent=11710387"}],"wp:term":[{"taxonomy":"category","embeddable":true,"href":"https:\/\/www.corumbaonline.com.br\/news\/wp-json\/wp\/v2\/categories?post=11710387"},{"taxonomy":"post_tag","embeddable":true,"href":"https:\/\/www.corumbaonline.com.br\/news\/wp-json\/wp\/v2\/tags?post=11710387"}],"curies":[{"name":"wp","href":"https:\/\/api.w.org\/{rel}","templated":true}]}}