{"id":11710405,"date":"2020-11-25T08:22:00","date_gmt":"2020-11-25T12:22:00","guid":{"rendered":"http:\/\/www.corumbaonline.com.br\/news\/?p=11710405"},"modified":"2020-11-25T09:12:52","modified_gmt":"2020-11-25T13:12:52","slug":"alms-deputados-devem-votar-cinco-propostas-na-ordem-do-dia-desta-quarta-feira","status":"publish","type":"post","link":"https:\/\/www.corumbaonline.com.br\/news\/alms-deputados-devem-votar-cinco-propostas-na-ordem-do-dia-desta-quarta-feira\/","title":{"rendered":"ALMS: deputados devem votar cinco propostas na Ordem do Dia desta quarta-feira"},"content":{"rendered":"<p>Est\u00e1 pautada a an\u00e1lise de cinco projetos de lei na Ordem do Dia desta quarta-feira (25). A aprecia\u00e7\u00e3o das propostas \u00e9 transmitida\u00a0ao vivo no canal 9 da Claro\u00a0Net TV,\u00a0<a href=\"https:\/\/al.ms.gov.br\/TvAssembleia\" target=\"_blank\" rel=\"noopener noreferrer\">TV ALEMS<\/a>,\u00a0<a href=\"https:\/\/www.youtube.com\/c\/assembleialegislativadems\" target=\"_blank\" rel=\"noopener noreferrer\">Youtube<\/a>,\u00a0<a href=\"https:\/\/www.facebook.com\/assembleiams\" target=\"_blank\" rel=\"noopener noreferrer\">Facebook<\/a>,\u00a0<a href=\"https:\/\/al.ms.gov.br\/RadioAssembleia\/Audios?idMenu=601\" target=\"_blank\" rel=\"noopener noreferrer\">R\u00e1dio ALEMS<\/a>\u00a0e aplicativo Assembleia MS (<a href=\"https:\/\/play.google.com\/store\/apps\/details?id=br.com.app.gpu1553513.gpu40f07c507865e03ef66422c7404ba120&amp;hl=pt_BR\" target=\"_blank\" rel=\"noopener noreferrer\">Android<\/a>\/<a href=\"https:\/\/apps.apple.com\/br\/app\/assembleia-legislativa-do-ms\/id1185708415\" target=\"_blank\" rel=\"noopener noreferrer\">iOS<\/a>). A sess\u00e3o tem in\u00edcio a partir das 9h.<\/p>\n<p><strong>Discuss\u00e3o \u00fanica<\/strong><\/p>\n<p>O\u00a0<a href=\"http:\/\/sgpl.consulta.al.ms.gov.br\/sgpl-publico\/#\/linha-tempo?idProposicao=90728\" target=\"_blank\" rel=\"noopener noreferrer\">Projeto de Lei 187\/2020<\/a>, do deputado Barbosinha (DEM), declara de Utilidade P\u00fablica Estadual a Associa\u00e7\u00e3o de Amigos de Vila Presidente Castelo, com sede e foro em Deod\u00e1polis. A Comiss\u00e3o de Constitui\u00e7\u00e3o, Justi\u00e7a e Reda\u00e7\u00e3o (CCJR) emitiu parecer favor\u00e1vel por unanimidade \u00e0 tramita\u00e7\u00e3o da proposta.<\/p>\n<p><strong>2\u00aa discuss\u00e3o<\/strong><\/p>\n<p>De autoria do deputado Mar\u00e7al Filho (PSDB), o\u00a0<a href=\"http:\/\/sgpl.consulta.al.ms.gov.br\/sgpl-publico\/#\/busca-proposicoes\" target=\"_blank\" rel=\"noopener noreferrer\">Projeto de Lei 233\/2019<\/a>\u00a0disp\u00f5e sobre a inclus\u00e3o na c\u00e9dula de identidade de informa\u00e7\u00e3o sobre a condi\u00e7\u00e3o de pessoa com Transtorno do Espectro Autista (TEA) no \u00e2mbito de Mato Grosso do Sul. Os pareceres das Comiss\u00f5es de Finan\u00e7as e Or\u00e7amento e de Trabalho, Cidadania e Direitos Humanos foram favor\u00e1veis \u00e0 mat\u00e9ria.<\/p>\n<p>O\u00a0<a href=\"http:\/\/sgpl.consulta.al.ms.gov.br\/sgpl-publico\/#\/linha-tempo?idProposicao=86960\" target=\"_blank\" rel=\"noopener noreferrer\">Projeto de Lei 279\/2019<\/a>\u00a0disp\u00f5e sobre medidas de preven\u00e7\u00e3o ao uso de drogas il\u00edcitas em universidades particulares e p\u00fablicas estaduais em Mato Grosso do Sul. A proposta do deputado Marcio Fernandes (MDB) obteve pareceres favor\u00e1veis da Comiss\u00e3o de Educa\u00e7\u00e3o, Cultura, Desporto, Ci\u00eancia e Tecnologia e da Comiss\u00e3o de Sa\u00fade.<\/p>\n<p>O Plen\u00e1rio tamb\u00e9m deve apreciar o\u00a0<a href=\"http:\/\/sgpl.consulta.al.ms.gov.br\/sgpl-publico\/#\/linha-tempo?idProposicao=83509\" target=\"_blank\" rel=\"noopener noreferrer\">Projeto de Lei 104\/2020<\/a>\u00a0do deputado Pedro Kemp (PT). O documento determina a inclus\u00e3o de int\u00e9rprete da L\u00edngua Brasileira de Sinais (Libras), nos telejornais da rede p\u00fablica de televis\u00e3o, nas pe\u00e7as publicit\u00e1rias e nos programas institucionais no \u00e2mbito do Estado. O projeto conta com pareceres favor\u00e1veis da Comiss\u00e3o de Trabalho, Cidadania e Direitos Humanos e da Comiss\u00e3o de Servi\u00e7os P\u00fablicos, Obras, Transporte, Infraestrutura e Administra\u00e7\u00e3o.<\/p>\n<p><strong>1\u00aa discuss\u00e3o<\/strong><\/p>\n<p>O\u00a0<a href=\"http:\/\/sgpl.consulta.al.ms.gov.br\/sgpl-publico\/#\/linha-tempo?idProposicao=91034\" target=\"_blank\" rel=\"noopener noreferrer\">Projeto de Lei 206\/2020<\/a>\u00a0inclui no Calend\u00e1rio Oficial de Eventos de Mato Grosso do Sul\u00a0o Dia Estadual do Conselheiro Crist\u00e3o a ser comemorado, anualmente, no dia 31 de outubro. A CCJR emitiu parecer favor\u00e1vel \u00e0 proposta do deputado Herculano Borges (Solidariedade).<\/p>\n","protected":false},"excerpt":{"rendered":"<p>Est\u00e1 pautada a an\u00e1lise de cinco projetos de lei na Ordem do Dia desta quarta-feira&#8230;<\/p>\n","protected":false},"author":12,"featured_media":0,"comment_status":"closed","ping_status":"closed","sticky":false,"template":"","format":"standard","meta":{"footnotes":""},"categories":[19],"tags":[],"class_list":["post-11710405","post","type-post","status-publish","format-standard","hentry","category-politica"],"_links":{"self":[{"href":"https:\/\/www.corumbaonline.com.br\/news\/wp-json\/wp\/v2\/posts\/11710405","targetHints":{"allow":["GET"]}}],"collection":[{"href":"https:\/\/www.corumbaonline.com.br\/news\/wp-json\/wp\/v2\/posts"}],"about":[{"href":"https:\/\/www.corumbaonline.com.br\/news\/wp-json\/wp\/v2\/types\/post"}],"author":[{"embeddable":true,"href":"https:\/\/www.corumbaonline.com.br\/news\/wp-json\/wp\/v2\/users\/12"}],"replies":[{"embeddable":true,"href":"https:\/\/www.corumbaonline.com.br\/news\/wp-json\/wp\/v2\/comments?post=11710405"}],"version-history":[{"count":1,"href":"https:\/\/www.corumbaonline.com.br\/news\/wp-json\/wp\/v2\/posts\/11710405\/revisions"}],"predecessor-version":[{"id":11710406,"href":"https:\/\/www.corumbaonline.com.br\/news\/wp-json\/wp\/v2\/posts\/11710405\/revisions\/11710406"}],"wp:attachment":[{"href":"https:\/\/www.corumbaonline.com.br\/news\/wp-json\/wp\/v2\/media?parent=11710405"}],"wp:term":[{"taxonomy":"category","embeddable":true,"href":"https:\/\/www.corumbaonline.com.br\/news\/wp-json\/wp\/v2\/categories?post=11710405"},{"taxonomy":"post_tag","embeddable":true,"href":"https:\/\/www.corumbaonline.com.br\/news\/wp-json\/wp\/v2\/tags?post=11710405"}],"curies":[{"name":"wp","href":"https:\/\/api.w.org\/{rel}","templated":true}]}}