{"id":11710412,"date":"2020-11-25T08:59:00","date_gmt":"2020-11-25T12:59:00","guid":{"rendered":"http:\/\/www.corumbaonline.com.br\/news\/?p=11710412"},"modified":"2020-11-25T09:25:37","modified_gmt":"2020-11-25T13:25:37","slug":"vereador-pede-ampliacao-do-sistema-de-iluminacao-publica-em-albuquerque","status":"publish","type":"post","link":"https:\/\/www.corumbaonline.com.br\/news\/vereador-pede-ampliacao-do-sistema-de-iluminacao-publica-em-albuquerque\/","title":{"rendered":"Vereador pede amplia\u00e7\u00e3o do sistema de ilumina\u00e7\u00e3o p\u00fablica em Albuquerque"},"content":{"rendered":"<p>A amplia\u00e7\u00e3o do sistema de ilumina\u00e7\u00e3o p\u00fablica no Distrito de Albuquerque \u00e9 o que est\u00e1 reivindicando o vereador Andr\u00e9 da Farm\u00e1cia, para atender solicita\u00e7\u00f5es da comunidade local, garantindo assim, maior seguran\u00e7a e acessibilidade das pessoas que residem no local.<\/p>\n<p>O pedido de Andr\u00e9 foi direcionado \u00e0 Prefeitura de Corumb\u00e1, por meio da pasta de Infraestrutura e Servi\u00e7os P\u00fablicos, bem como \u00e0 dire\u00e7\u00e3o da Energisa, e ao deputado estadual Evander Vendramini, no sentido de que ele interceda junto \u00e0 empresa respons\u00e1vel pelos servi\u00e7os de energia no Estado.<\/p>\n<p>\u201c\u00c9 preciso que o sistema seja ampliado, atendendo as vias de entorno do Distrito de Albuquerque, especialmente a Rua Alvorada do Sol. Isso vai proporcionar maior seguran\u00e7a e tranquilidade aos moradores, para transitar por estes locais no per\u00edodo noturno\u201d, justificou Andr\u00e9.<\/p>\n","protected":false},"excerpt":{"rendered":"<p>A amplia\u00e7\u00e3o do sistema de ilumina\u00e7\u00e3o p\u00fablica no Distrito de Albuquerque \u00e9 o que est\u00e1&#8230;<\/p>\n","protected":false},"author":63,"featured_media":11710413,"comment_status":"closed","ping_status":"closed","sticky":false,"template":"","format":"standard","meta":{"footnotes":""},"categories":[19],"tags":[],"class_list":["post-11710412","post","type-post","status-publish","format-standard","has-post-thumbnail","hentry","category-politica"],"_links":{"self":[{"href":"https:\/\/www.corumbaonline.com.br\/news\/wp-json\/wp\/v2\/posts\/11710412","targetHints":{"allow":["GET"]}}],"collection":[{"href":"https:\/\/www.corumbaonline.com.br\/news\/wp-json\/wp\/v2\/posts"}],"about":[{"href":"https:\/\/www.corumbaonline.com.br\/news\/wp-json\/wp\/v2\/types\/post"}],"author":[{"embeddable":true,"href":"https:\/\/www.corumbaonline.com.br\/news\/wp-json\/wp\/v2\/users\/63"}],"replies":[{"embeddable":true,"href":"https:\/\/www.corumbaonline.com.br\/news\/wp-json\/wp\/v2\/comments?post=11710412"}],"version-history":[{"count":1,"href":"https:\/\/www.corumbaonline.com.br\/news\/wp-json\/wp\/v2\/posts\/11710412\/revisions"}],"predecessor-version":[{"id":11710414,"href":"https:\/\/www.corumbaonline.com.br\/news\/wp-json\/wp\/v2\/posts\/11710412\/revisions\/11710414"}],"wp:featuredmedia":[{"embeddable":true,"href":"https:\/\/www.corumbaonline.com.br\/news\/wp-json\/wp\/v2\/media\/11710413"}],"wp:attachment":[{"href":"https:\/\/www.corumbaonline.com.br\/news\/wp-json\/wp\/v2\/media?parent=11710412"}],"wp:term":[{"taxonomy":"category","embeddable":true,"href":"https:\/\/www.corumbaonline.com.br\/news\/wp-json\/wp\/v2\/categories?post=11710412"},{"taxonomy":"post_tag","embeddable":true,"href":"https:\/\/www.corumbaonline.com.br\/news\/wp-json\/wp\/v2\/tags?post=11710412"}],"curies":[{"name":"wp","href":"https:\/\/api.w.org\/{rel}","templated":true}]}}