{"id":11710417,"date":"2020-11-25T09:27:41","date_gmt":"2020-11-25T13:27:41","guid":{"rendered":"http:\/\/www.corumbaonline.com.br\/news\/?p=11710417"},"modified":"2020-11-25T09:27:43","modified_gmt":"2020-11-25T13:27:43","slug":"atletas-sao-destaques-novamente-em-prova-do-estadual-de-ciclismo","status":"publish","type":"post","link":"https:\/\/www.corumbaonline.com.br\/news\/atletas-sao-destaques-novamente-em-prova-do-estadual-de-ciclismo\/","title":{"rendered":"Atletas s\u00e3o destaques novamente em prova do Estadual de Ciclismo"},"content":{"rendered":"<p>Finalizando o calend\u00e1rio de eventos da Federa\u00e7\u00e3o de Ciclismo do MS (FMSC), aconteceu no domingo, 22 de novembro, em Nova Alvorada do Sul a etapa \u00fanica de maratona que reuniu 330 atletas do estado todo.\u00a0Prova com grandes dificuldades, digna de Estadual, contou com percursos desafiadores na Turismo, Sport e Pr\u00f3 , dist\u00e2ncias diferentes em que s\u00e3o distribu\u00eddas as categorias. Destaque mais uma vez aos atletas que representam Corumb\u00e1.<\/p>\n<p>No masculino Pedro Henrique Coelho foi o vice \u2013 campe\u00e3o na categoria Juvenil e \u00e9 promessa do ciclismo Corumbaense, representante da equipe COCI \u2013 (Corumb\u00e1 Ciclismo) que vem crescendo e incentivando atletas locais.\u00a0Carlos \u00c2ngelo Biava obteve a 3\u00b0 coloca\u00e7\u00e3o na categoria sub 23, uma das mais fortes do Estado, representando a equipe AMDC\/ Dourados- Corumb\u00e1 que incentiva atletas do estado todo na modalidade.<\/p>\n<p>No feminino o destaque foi a servidora da FUNEC, Anna Paula Capitel, que sagrou-se mais uma vez campe\u00e3 Estadual na categoria B1, sendo campe\u00e3 na prova de XCO realizada no in\u00edcio do m\u00eas e na Maratona neste final de semana, representando tamb\u00e9m a equipe AMDC\/Dourados- Corumb\u00e1.<\/p>\n<p>A Atleta Layssa Sestari foi a 2\u00b0 colocada na categoria sub 30, fazendo dobradinha da equipe COCI- Corumb\u00e1 Ciclismo com a atleta Giovanna Aguiar na 4\u00b0 coloca\u00e7\u00e3o. Outros atletas participaram tamb\u00e9m da prova, mas n\u00e3o obtiveram resultados t\u00e3o expressivos.<\/p>\n<p>Num ano at\u00edpico como este, todos os atletas merecem respeito e admira\u00e7\u00e3o pelos resultado obtidos neste ano dif\u00edcil de 2020.Com essa prova a Federa\u00e7\u00e3o de ciclismo encerra suas competi\u00e7\u00f5es este ano e se prepara para temporada 2021.<\/p>\n","protected":false},"excerpt":{"rendered":"<p>Finalizando o calend\u00e1rio de eventos da Federa\u00e7\u00e3o de Ciclismo do MS (FMSC), aconteceu no domingo,&#8230;<\/p>\n","protected":false},"author":70,"featured_media":11710418,"comment_status":"closed","ping_status":"closed","sticky":false,"template":"","format":"standard","meta":{"footnotes":""},"categories":[11],"tags":[],"class_list":["post-11710417","post","type-post","status-publish","format-standard","has-post-thumbnail","hentry","category-esporte"],"_links":{"self":[{"href":"https:\/\/www.corumbaonline.com.br\/news\/wp-json\/wp\/v2\/posts\/11710417","targetHints":{"allow":["GET"]}}],"collection":[{"href":"https:\/\/www.corumbaonline.com.br\/news\/wp-json\/wp\/v2\/posts"}],"about":[{"href":"https:\/\/www.corumbaonline.com.br\/news\/wp-json\/wp\/v2\/types\/post"}],"author":[{"embeddable":true,"href":"https:\/\/www.corumbaonline.com.br\/news\/wp-json\/wp\/v2\/users\/70"}],"replies":[{"embeddable":true,"href":"https:\/\/www.corumbaonline.com.br\/news\/wp-json\/wp\/v2\/comments?post=11710417"}],"version-history":[{"count":1,"href":"https:\/\/www.corumbaonline.com.br\/news\/wp-json\/wp\/v2\/posts\/11710417\/revisions"}],"predecessor-version":[{"id":11710419,"href":"https:\/\/www.corumbaonline.com.br\/news\/wp-json\/wp\/v2\/posts\/11710417\/revisions\/11710419"}],"wp:featuredmedia":[{"embeddable":true,"href":"https:\/\/www.corumbaonline.com.br\/news\/wp-json\/wp\/v2\/media\/11710418"}],"wp:attachment":[{"href":"https:\/\/www.corumbaonline.com.br\/news\/wp-json\/wp\/v2\/media?parent=11710417"}],"wp:term":[{"taxonomy":"category","embeddable":true,"href":"https:\/\/www.corumbaonline.com.br\/news\/wp-json\/wp\/v2\/categories?post=11710417"},{"taxonomy":"post_tag","embeddable":true,"href":"https:\/\/www.corumbaonline.com.br\/news\/wp-json\/wp\/v2\/tags?post=11710417"}],"curies":[{"name":"wp","href":"https:\/\/api.w.org\/{rel}","templated":true}]}}