{"id":11710421,"date":"2020-11-25T09:38:00","date_gmt":"2020-11-25T13:38:00","guid":{"rendered":"http:\/\/www.corumbaonline.com.br\/news\/?p=11710421"},"modified":"2020-11-25T09:51:05","modified_gmt":"2020-11-25T13:51:05","slug":"vereador-pede-melhorias-em-alameda-existente-no-bairro-aeroporto","status":"publish","type":"post","link":"https:\/\/www.corumbaonline.com.br\/news\/vereador-pede-melhorias-em-alameda-existente-no-bairro-aeroporto\/","title":{"rendered":"Vereador pede melhorias em alameda existente no Bairro Aeroporto"},"content":{"rendered":"<p>A recupera\u00e7\u00e3o da Alameda Santa Rita, no Bairro Aeroporto, \u00e9 o que est\u00e1 solicitando o vereador Jo\u00e3o M\u00e1rio. Durante sess\u00e3o da C\u00e2mara, o edil apresentou um requerimento em regime de urg\u00eancia direcionado \u00e0 Secretaria de Infraestrutura e Servi\u00e7os P\u00fablico, para que seja executado servi\u00e7os emerg\u00eancias de terraplanagem no local, para melhorar as condi\u00e7\u00f5es de tr\u00e1fego.<\/p>\n<p>\u201cCom a chegada do per\u00edodo de chuvas \u00e9 preciso aten\u00e7\u00e3o especial em rela\u00e7\u00e3o \u00e0s vias urbanas. Por isso mesmo estamos solicitando \u00e0 Prefeitura de Corumb\u00e1, a realiza\u00e7\u00e3o de servi\u00e7os emergenciais de terraplanagem nessa alameda, localizada entre as ruas Goi\u00e1s e Amazonas, em atendimento a reivindica\u00e7\u00f5es dos pr\u00f3prios moradores\u201d, adiantou.<\/p>\n<p>Conforme Jo\u00e3o M\u00e1rio, a via se encontra intransit\u00e1vel, dificultando o tr\u00e1fego n\u00e3o s\u00f3 de ve\u00edculos, mas principalmente dos moradores. \u201cIsso se agravou nos \u00faltimos dias, com as chuvas na cidade, deixando a via sem condi\u00e7\u00f5es de tr\u00e1fego, impedindo at\u00e9 o acesso de ambul\u00e2ncia em caso de emerg\u00eancia\u201d, continuou.<\/p>\n<p>\u201cOs moradores est\u00e3o reclamando. Dizem que at\u00e9 agora, n\u00e3o receberam nenhuma aten\u00e7\u00e3o das autoridades, fato que nos levou a fazer este pedido em car\u00e1ter de urg\u00eancia\u201d, concluiu.<\/p>\n","protected":false},"excerpt":{"rendered":"<p>A recupera\u00e7\u00e3o da Alameda Santa Rita, no Bairro Aeroporto, \u00e9 o que est\u00e1 solicitando o&#8230;<\/p>\n","protected":false},"author":63,"featured_media":0,"comment_status":"closed","ping_status":"closed","sticky":false,"template":"","format":"standard","meta":{"footnotes":""},"categories":[19],"tags":[],"class_list":["post-11710421","post","type-post","status-publish","format-standard","hentry","category-politica"],"_links":{"self":[{"href":"https:\/\/www.corumbaonline.com.br\/news\/wp-json\/wp\/v2\/posts\/11710421","targetHints":{"allow":["GET"]}}],"collection":[{"href":"https:\/\/www.corumbaonline.com.br\/news\/wp-json\/wp\/v2\/posts"}],"about":[{"href":"https:\/\/www.corumbaonline.com.br\/news\/wp-json\/wp\/v2\/types\/post"}],"author":[{"embeddable":true,"href":"https:\/\/www.corumbaonline.com.br\/news\/wp-json\/wp\/v2\/users\/63"}],"replies":[{"embeddable":true,"href":"https:\/\/www.corumbaonline.com.br\/news\/wp-json\/wp\/v2\/comments?post=11710421"}],"version-history":[{"count":1,"href":"https:\/\/www.corumbaonline.com.br\/news\/wp-json\/wp\/v2\/posts\/11710421\/revisions"}],"predecessor-version":[{"id":11710422,"href":"https:\/\/www.corumbaonline.com.br\/news\/wp-json\/wp\/v2\/posts\/11710421\/revisions\/11710422"}],"wp:attachment":[{"href":"https:\/\/www.corumbaonline.com.br\/news\/wp-json\/wp\/v2\/media?parent=11710421"}],"wp:term":[{"taxonomy":"category","embeddable":true,"href":"https:\/\/www.corumbaonline.com.br\/news\/wp-json\/wp\/v2\/categories?post=11710421"},{"taxonomy":"post_tag","embeddable":true,"href":"https:\/\/www.corumbaonline.com.br\/news\/wp-json\/wp\/v2\/tags?post=11710421"}],"curies":[{"name":"wp","href":"https:\/\/api.w.org\/{rel}","templated":true}]}}