{"id":11710423,"date":"2020-11-25T09:45:00","date_gmt":"2020-11-25T13:45:00","guid":{"rendered":"http:\/\/www.corumbaonline.com.br\/news\/?p=11710423"},"modified":"2020-11-25T09:54:22","modified_gmt":"2020-11-25T13:54:22","slug":"falta-de-justificativa-por-nao-votar-impede-expedicao-de-documentos","status":"publish","type":"post","link":"https:\/\/www.corumbaonline.com.br\/news\/falta-de-justificativa-por-nao-votar-impede-expedicao-de-documentos\/","title":{"rendered":"Falta de justificativa por n\u00e3o votar impede expedi\u00e7\u00e3o de documentos"},"content":{"rendered":"<p>O cidad\u00e3o que n\u00e3o votar neste\u00a0<span id=\"OBJ_PREFIX_DWT229_com_zimbra_date\"><span id=\"OBJ_PREFIX_DWT921_com_zimbra_date\" role=\"link\">domingo<\/span><\/span>\u00a0(29), no segundo turno das elei\u00e7\u00f5es municipais, dever\u00e1 justificar a aus\u00eancia no pleito em at\u00e9 60 dia na Justi\u00e7a Eleitoral. A apresenta\u00e7\u00e3o de justificativa de aus\u00eancia em cada turno de vota\u00e7\u00e3o deve ser feita separadamente. O voto \u00e9 obrigat\u00f3rio para pessoas com mais de 18 anos e menos de 70.<img decoding=\"async\" src=\"https:\/\/agenciabrasil.ebc.com.br\/ebc.png?id=1394445&amp;o=node\" \/><img decoding=\"async\" src=\"https:\/\/agenciabrasil.ebc.com.br\/ebc.gif?id=1394445&amp;o=node\" \/><\/p>\n<p>Conforme explicado em\u00a0<a href=\"https:\/\/agenciabrasil.ebc.com.br\/eleicoes-2020\/noticia\/2020-11\/nao-conseguiu-justificar-ausencia-na-votacao-saiba-o-que-fazer\" target=\"_blank\" rel=\"noopener noreferrer\">mat\u00e9ria da\u00a0<strong>Ag\u00eancia Brasil<\/strong><\/a>, o procedimento pode ser feito no\u00a0<a href=\"https:\/\/justifica.tse.jus.br\/solicitacao-requerimento\" target=\"_blank\" rel=\"noopener noreferrer\"><em>site<\/em>\u00a0da Justi\u00e7a Eleitoral<\/a>\u00a0ou pelo aplicativo\u00a0<a href=\"https:\/\/www.tse.jus.br\/eleitor\/servicos\/aplicativo-e-titulo\">e-T\u00edtulo<\/a>.<\/p>\n<p>Tamb\u00e9m \u00e9 poss\u00edvel apresentar requerimento para a justificativa em qualquer\u00a0<a href=\"https:\/\/www.tse.jus.br\/eleitor\/cartorios-e-zonas-eleitorais\/pesquisa-a-zonas-eleitorais\" target=\"_blank\" rel=\"noopener noreferrer\">zona eleitoral<\/a>\u00a0ou enviar a justificativa por via postal ao juiz da zona eleitoral em que est\u00e1 inscrito. O termo deve ser\u00a0acompanhado de documento que comprove a aus\u00eancia.<\/p>\n<p>N\u00e3o votar e n\u00e3o justificar a aus\u00eancia na elei\u00e7\u00e3o podem criar uma s\u00e9rie de dificuldades no dia a dia dos eleitores. De acordo com o C\u00f3digo Eleitoral, o cidad\u00e3o n\u00e3o consegue tirar\u00a0<span id=\"OBJ_PREFIX_DWT234_com_zimbra_date\"><span id=\"OBJ_PREFIX_DWT926_com_zimbra_date\" role=\"link\">segunda<\/span><\/span>\u00a0via da carteira de identidade e nem expedir passaporte.<\/p>\n<p>Se for funcion\u00e1rio p\u00fablico ou empregado de estatal, poder\u00e1 ficar sem receber o pagamento do sal\u00e1rio. Tamb\u00e9m n\u00e3o poder\u00e1 obter empr\u00e9stimos em bancos oficiais e nem receber benef\u00edcios previdenci\u00e1rios.<\/p>\n<p>A lei impede a matr\u00edcula em estabelecimento de ensino p\u00fablico, a inscri\u00e7\u00e3o em concurso p\u00fablico e ser investido de cargo ou fun\u00e7\u00e3o p\u00fablica. A lei ainda pro\u00edbe a participa\u00e7\u00e3o em\u00a0concorr\u00eancia p\u00fablica ou administrativa da Uni\u00e3o, dos estados, dos territ\u00f3rios, do Distrito Federal, dos munic\u00edpios.<\/p>\n<p><a href=\"https:\/\/www.tse.jus.br\/eleitor\/justificativa-eleitoral\/consequencias-para-quem-nao-justificar\" target=\"_blank\" rel=\"noopener noreferrer\">Saiba mais<\/a>\u00a0sobre as consequ\u00eancias de n\u00e3o apresentar a justificativa no\u00a0<em>site<\/em>\u00a0do Tribunal Superior Eleitoral.<\/p>\n","protected":false},"excerpt":{"rendered":"<p>O cidad\u00e3o que n\u00e3o votar neste\u00a0domingo\u00a0(29), no segundo turno das elei\u00e7\u00f5es municipais, dever\u00e1 justificar a&#8230;<\/p>\n","protected":false},"author":4,"featured_media":0,"comment_status":"closed","ping_status":"closed","sticky":false,"template":"","format":"standard","meta":{"footnotes":""},"categories":[101],"tags":[],"class_list":["post-11710423","post","type-post","status-publish","format-standard","hentry","category-eleicoes"],"_links":{"self":[{"href":"https:\/\/www.corumbaonline.com.br\/news\/wp-json\/wp\/v2\/posts\/11710423","targetHints":{"allow":["GET"]}}],"collection":[{"href":"https:\/\/www.corumbaonline.com.br\/news\/wp-json\/wp\/v2\/posts"}],"about":[{"href":"https:\/\/www.corumbaonline.com.br\/news\/wp-json\/wp\/v2\/types\/post"}],"author":[{"embeddable":true,"href":"https:\/\/www.corumbaonline.com.br\/news\/wp-json\/wp\/v2\/users\/4"}],"replies":[{"embeddable":true,"href":"https:\/\/www.corumbaonline.com.br\/news\/wp-json\/wp\/v2\/comments?post=11710423"}],"version-history":[{"count":1,"href":"https:\/\/www.corumbaonline.com.br\/news\/wp-json\/wp\/v2\/posts\/11710423\/revisions"}],"predecessor-version":[{"id":11710424,"href":"https:\/\/www.corumbaonline.com.br\/news\/wp-json\/wp\/v2\/posts\/11710423\/revisions\/11710424"}],"wp:attachment":[{"href":"https:\/\/www.corumbaonline.com.br\/news\/wp-json\/wp\/v2\/media?parent=11710423"}],"wp:term":[{"taxonomy":"category","embeddable":true,"href":"https:\/\/www.corumbaonline.com.br\/news\/wp-json\/wp\/v2\/categories?post=11710423"},{"taxonomy":"post_tag","embeddable":true,"href":"https:\/\/www.corumbaonline.com.br\/news\/wp-json\/wp\/v2\/tags?post=11710423"}],"curies":[{"name":"wp","href":"https:\/\/api.w.org\/{rel}","templated":true}]}}