{"id":11710429,"date":"2020-11-25T10:14:00","date_gmt":"2020-11-25T14:14:00","guid":{"rendered":"http:\/\/www.corumbaonline.com.br\/news\/?p=11710429"},"modified":"2020-11-25T12:20:13","modified_gmt":"2020-11-25T16:20:13","slug":"vereador-apresenta-projeto-de-lei-que-beneficia-gestantes-em-corumba","status":"publish","type":"post","link":"https:\/\/www.corumbaonline.com.br\/news\/vereador-apresenta-projeto-de-lei-que-beneficia-gestantes-em-corumba\/","title":{"rendered":"Vereador apresenta Projeto de Lei que beneficia gestantes em Corumb\u00e1"},"content":{"rendered":"<p>O vereador Yussef Salla apresentou um Projeto de Lei durante sess\u00e3o ordin\u00e1ria da C\u00e2mara Municipal, que garante o direito das gestantes de terem um acompanhamento na hora do parto, conforme previsto na Lei Federal 11.108\/2005, que conferiu nova reda\u00e7\u00e3o ao artigo 19 da Lei 8090\/90, e estabeleceu que os servi\u00e7os de sa\u00fade do SUS (rede pr\u00f3pria ou conveniada) ficam obrigados a permitir a presen\u00e7a de um acompanhante junto \u00e0 parturiente durante todo o per\u00edodo de trabalho de pr\u00e9-parto, parto e p\u00f3s-parto imediato.<\/p>\n<p>Yussef explicou que, apesar disso, o que se observa \u00e9 que gestantes s\u00e3o impedidas de ter um acompanhante no momento do parto, e eu por isso mesmo \u00e9 preciso realizar campanha de conscientiza\u00e7\u00e3o dessa Lei Federal 11.108\/2005, para que as mulheres possam buscar seus direitos e ter um parto mais tranquilo, com quem escolheu ao seu lado.<\/p>\n<p>\u201cPor isso mesmo apresentamos durante sess\u00e3o ordin\u00e1ria da C\u00e2mara, um Projeto de Lei que obriga os m\u00e9dicos obstetras informarem \u00e0s gestantes, na primeira e \u00faltima consulta pr\u00e9-natal, sobre o seu direito \u00e0 presen\u00e7a de acompanhante durante o trabalho de pr\u00e9-parto, parto e p\u00f3s- parto\u201d, justificou.<\/p>\n<p>Seguran\u00e7a<\/p>\n<p>Por outro lado, tamb\u00e9m durante sess\u00e3o da C\u00e2mara, o vereador apresentou requerimento solicitando \u00e0 Prefeitura, a\u00e7\u00f5es de seguran\u00e7a para evitar a\u00e7\u00f5es de marginais nas regi\u00f5es onde acontecem as feiras livres, bem como no Cemit\u00e9rio Santa Cruz. O pedido foi direcionado ao secret\u00e1rio Municipal de Seguran\u00e7a P\u00fablica, Jos\u00e9 Luiz de Aquino Amorim, com c\u00f3pia ao comandante da Guarda Municipal, Cleber Figueiredo.<\/p>\n<p>\u201c\u00c9 necess\u00e1ria a presen\u00e7a de integrantes da Guardas Municipal nas feiras, para coibir a\u00e7\u00f5es de marginai, garantindo maior seguran\u00e7a n\u00e3o s\u00f3 aos feirantes, mas tamb\u00e9m aos consumidores\u201d, citou, lembrando que isso \u00e9 preciso ocorrer tamb\u00e9m no Cemit\u00e9rio Santa Cruz, no per\u00edodo noturno, \u201cpara combater os furtos eu est\u00e3o ocorrendo, principalmente de placas de bronze, al\u00e9m de viola\u00e7\u00f5es de t\u00famulos\u201d, completou.<\/p>\n","protected":false},"excerpt":{"rendered":"<p>O vereador Yussef Salla apresentou um Projeto de Lei durante sess\u00e3o ordin\u00e1ria da C\u00e2mara Municipal,&#8230;<\/p>\n","protected":false},"author":63,"featured_media":0,"comment_status":"closed","ping_status":"closed","sticky":false,"template":"","format":"standard","meta":{"footnotes":""},"categories":[19],"tags":[],"class_list":["post-11710429","post","type-post","status-publish","format-standard","hentry","category-politica"],"_links":{"self":[{"href":"https:\/\/www.corumbaonline.com.br\/news\/wp-json\/wp\/v2\/posts\/11710429","targetHints":{"allow":["GET"]}}],"collection":[{"href":"https:\/\/www.corumbaonline.com.br\/news\/wp-json\/wp\/v2\/posts"}],"about":[{"href":"https:\/\/www.corumbaonline.com.br\/news\/wp-json\/wp\/v2\/types\/post"}],"author":[{"embeddable":true,"href":"https:\/\/www.corumbaonline.com.br\/news\/wp-json\/wp\/v2\/users\/63"}],"replies":[{"embeddable":true,"href":"https:\/\/www.corumbaonline.com.br\/news\/wp-json\/wp\/v2\/comments?post=11710429"}],"version-history":[{"count":1,"href":"https:\/\/www.corumbaonline.com.br\/news\/wp-json\/wp\/v2\/posts\/11710429\/revisions"}],"predecessor-version":[{"id":11710430,"href":"https:\/\/www.corumbaonline.com.br\/news\/wp-json\/wp\/v2\/posts\/11710429\/revisions\/11710430"}],"wp:attachment":[{"href":"https:\/\/www.corumbaonline.com.br\/news\/wp-json\/wp\/v2\/media?parent=11710429"}],"wp:term":[{"taxonomy":"category","embeddable":true,"href":"https:\/\/www.corumbaonline.com.br\/news\/wp-json\/wp\/v2\/categories?post=11710429"},{"taxonomy":"post_tag","embeddable":true,"href":"https:\/\/www.corumbaonline.com.br\/news\/wp-json\/wp\/v2\/tags?post=11710429"}],"curies":[{"name":"wp","href":"https:\/\/api.w.org\/{rel}","templated":true}]}}