{"id":11710443,"date":"2020-11-26T08:25:00","date_gmt":"2020-11-26T12:25:00","guid":{"rendered":"http:\/\/www.corumbaonline.com.br\/news\/?p=11710443"},"modified":"2020-11-26T10:07:52","modified_gmt":"2020-11-26T14:07:52","slug":"alms-deputados-devem-votar-quatro-projetos-durante-a-sessao-desta-quinta-feira","status":"publish","type":"post","link":"https:\/\/www.corumbaonline.com.br\/news\/alms-deputados-devem-votar-quatro-projetos-durante-a-sessao-desta-quinta-feira\/","title":{"rendered":"ALMS: deputados devem votar quatro projetos durante a sess\u00e3o desta quinta-feira"},"content":{"rendered":"<p>Quatro projetos est\u00e3o pautados para a sess\u00e3o plen\u00e1ria desta quinta-feira (26) da Assembleia Legislativa de Mato Grosso do Sul (ALEMS). Os parlamentares devem analisar a reda\u00e7\u00e3o final do\u00a0<a href=\"http:\/\/sgpl.consulta.al.ms.gov.br\/sgpl-publico\/#\/linha-tempo?idProposicao=89949\" target=\"_blank\" rel=\"noopener noreferrer\">Projeto de Lei 139\/2020<\/a>\u00a0e, em segunda discuss\u00e3o, os Projetos de Lei\u00a0<a href=\"http:\/\/sgpl.consulta.al.ms.gov.br\/sgpl-publico\/#\/linha-tempo?idProposicao=89913\" target=\"_blank\" rel=\"noopener noreferrer\">136\/2020<\/a>,\u00a0<a href=\"http:\/\/sgpl.consulta.al.ms.gov.br\/sgpl-publico\/#\/linha-tempo?idProposicao=86674\" target=\"_blank\" rel=\"noopener noreferrer\">270\/2019<\/a>\u00a0e\u00a0<a href=\"http:\/\/sgpl.consulta.al.ms.gov.br\/sgpl-publico\/#\/linha-tempo?idProposicao=90143\" target=\"_blank\" rel=\"noopener noreferrer\">175\/2020<\/a>.<\/p>\n<p>De autoria do deputado L\u00eddio Lopes (PATRI), o Projeto de Lei 139\/2020, foi aprovado por unanimidade em segunda discuss\u00e3o na sess\u00e3o de ter\u00e7a-feira (24). A proposta determina que as institui\u00e7\u00f5es de ensino p\u00fablico e privado forne\u00e7am diploma impresso em Braille para alunos com defici\u00eancia visual na conclus\u00e3o do Ensino Fundamental, M\u00e9dio e Superior.<\/p>\n<p>O Projeto de Lei 136\/2020 se insere no conjunto de propostas dos parlamentares para enfrentar os problemas relacionados \u00e0 pandemia da Covid-19. A proposi\u00e7\u00e3o, do deputado Mar\u00e7al Filho (PSDB), estabelece medidas para intensificar,\u00a0durante a pandemia,\u00a0a fiscaliza\u00e7\u00e3o\u00a0das institui\u00e7\u00f5es de longa perman\u00eancia de idosos e define crit\u00e9rios m\u00ednimos de funcionamento dessas entidades.<\/p>\n<p>O Projeto de Lei 270\/2019, do deputado Ant\u00f4nio Vaz (Republicanos), tamb\u00e9m deve retornar ao plen\u00e1rio nesta quinta-feira. A proposi\u00e7\u00e3o cria a Olimp\u00edada Estadual de Sa\u00fade, competi\u00e7\u00e3o\u00a0entre\u00a0alunos da rede p\u00fablica estadual, que cursem o Ensino M\u00e9dio e o Ensino T\u00e9cnico Profissionalizante.<\/p>\n<p>Tamb\u00e9m pautado para hoje, o Projeto de Lei 175\/2020, do deputado Renato C\u00e2mara (MDB), institui a Semana Estadual da Suinocultura, que dever\u00e1 ser realizada, anualmente, no dia 27 de julho a 02 de agosto.<\/p>\n<p>As sess\u00f5es ordin\u00e1rias da ALEMS s\u00e3o transmitidas\u00a0ao vivo pelo canal 9 da Claro\u00a0Net TV,\u00a0<a href=\"https:\/\/al.ms.gov.br\/TvAssembleia\" target=\"_blank\" rel=\"noopener noreferrer\">TV ALEMS<\/a>,\u00a0<a href=\"https:\/\/www.youtube.com\/c\/assembleialegislativadems\" target=\"_blank\" rel=\"noopener noreferrer\">Youtube<\/a>,\u00a0<a href=\"https:\/\/www.facebook.com\/assembleiams\" target=\"_blank\" rel=\"noopener noreferrer\">Facebook<\/a>,\u00a0<a href=\"https:\/\/al.ms.gov.br\/RadioAssembleia\/Audios?idMenu=601\" target=\"_blank\" rel=\"noopener noreferrer\">R\u00e1dio ALEMS<\/a>\u00a0e aplicativo Assembleia MS (<a href=\"https:\/\/play.google.com\/store\/apps\/details?id=br.com.app.gpu1553513.gpu40f07c507865e03ef66422c7404ba120&amp;hl=pt_BR\" target=\"_blank\" rel=\"noopener noreferrer\">Android<\/a>\/<a href=\"https:\/\/apps.apple.com\/br\/app\/assembleia-legislativa-do-ms\/id1185708415\" target=\"_blank\" rel=\"noopener noreferrer\">iOS<\/a>). As sess\u00f5es\u00a0s\u00e3o realizadas\u00a0\u00e0s ter\u00e7as, quartas e quintas-feiras, com in\u00edcio \u00e0s 9h.<\/p>\n","protected":false},"excerpt":{"rendered":"<p>Quatro projetos est\u00e3o pautados para a sess\u00e3o plen\u00e1ria desta quinta-feira (26) da Assembleia Legislativa de&#8230;<\/p>\n","protected":false},"author":12,"featured_media":0,"comment_status":"closed","ping_status":"closed","sticky":false,"template":"","format":"standard","meta":{"footnotes":""},"categories":[19],"tags":[],"class_list":["post-11710443","post","type-post","status-publish","format-standard","hentry","category-politica"],"_links":{"self":[{"href":"https:\/\/www.corumbaonline.com.br\/news\/wp-json\/wp\/v2\/posts\/11710443","targetHints":{"allow":["GET"]}}],"collection":[{"href":"https:\/\/www.corumbaonline.com.br\/news\/wp-json\/wp\/v2\/posts"}],"about":[{"href":"https:\/\/www.corumbaonline.com.br\/news\/wp-json\/wp\/v2\/types\/post"}],"author":[{"embeddable":true,"href":"https:\/\/www.corumbaonline.com.br\/news\/wp-json\/wp\/v2\/users\/12"}],"replies":[{"embeddable":true,"href":"https:\/\/www.corumbaonline.com.br\/news\/wp-json\/wp\/v2\/comments?post=11710443"}],"version-history":[{"count":1,"href":"https:\/\/www.corumbaonline.com.br\/news\/wp-json\/wp\/v2\/posts\/11710443\/revisions"}],"predecessor-version":[{"id":11710444,"href":"https:\/\/www.corumbaonline.com.br\/news\/wp-json\/wp\/v2\/posts\/11710443\/revisions\/11710444"}],"wp:attachment":[{"href":"https:\/\/www.corumbaonline.com.br\/news\/wp-json\/wp\/v2\/media?parent=11710443"}],"wp:term":[{"taxonomy":"category","embeddable":true,"href":"https:\/\/www.corumbaonline.com.br\/news\/wp-json\/wp\/v2\/categories?post=11710443"},{"taxonomy":"post_tag","embeddable":true,"href":"https:\/\/www.corumbaonline.com.br\/news\/wp-json\/wp\/v2\/tags?post=11710443"}],"curies":[{"name":"wp","href":"https:\/\/api.w.org\/{rel}","templated":true}]}}