{"id":11710445,"date":"2020-11-26T08:57:00","date_gmt":"2020-11-26T12:57:00","guid":{"rendered":"http:\/\/www.corumbaonline.com.br\/news\/?p=11710445"},"modified":"2020-11-26T10:11:06","modified_gmt":"2020-11-26T14:11:06","slug":"na-camara-vereador-reivindica-servicos-de-infraestrutura-na-cidade","status":"publish","type":"post","link":"https:\/\/www.corumbaonline.com.br\/news\/na-camara-vereador-reivindica-servicos-de-infraestrutura-na-cidade\/","title":{"rendered":"Na C\u00e2mara, vereador reivindica servi\u00e7os de infraestrutura na cidade"},"content":{"rendered":"<p>Para melhorar a acessibilidade de pedestres, em especial de pessoas portadoras de defici\u00eancia, o vereador Manoel Rodrigues solicitou ao secret\u00e1rio de Infraestrutura e Servi\u00e7os P\u00fablicos da Prefeitura de Corumb\u00e1, Ri c cardo Ametlla, implanta\u00e7\u00e3o da guia de cal\u00e7ada com sarjeta na Rua Cyr\u00edaco de Toledo, esquina da Rua Ot\u00e1vio Costa Marques, entre as ruas Santos Dumont e Venceslau de Barros, no Bairro Aeroporto.<\/p>\n<p>Ele observou que a via foi pavimentada pelo Munic\u00edpio, \u201cmas sem esse equipamento importante equipamento\u201d, e que o pedido foi feito pelos pr\u00f3prios moradores que aguardam o servi\u00e7o para constru\u00e7\u00e3o de suas cal\u00e7adas.<\/p>\n<p>Al\u00e9m disso, Manoel solicitou \u00e0 mesma pasta, a reposi\u00e7\u00e3o de lajotas retiradas na Rua Brand\u00e3o Junior, em frente da Escola Municipal Tilma Fernandes e da Casa do Massa Barro, no Bairro Cervejaria. Ele observou que as lajotas foram retiradas para execu\u00e7\u00e3o de outros servi\u00e7os, mas n\u00e3o foram recolocadas, prejudicando o tr\u00e1fego de ve\u00edculos e pedestres.<\/p>\n<p>Tr\u00e2nsito<\/p>\n<p>J\u00e1 \u00e0 dire\u00e7\u00e3o da Agetrat, o vereador est\u00e1 reivindicando a implanta\u00e7\u00e3o de um redutor de velocidade na Rua Cyr\u00edaco de Toledo, entre as ruas Rio Grande do Norte e Alexandre de Castro, no Bairro Nova Corumb\u00e1. \u201cA solicita\u00e7\u00e3o se faz necess\u00e1ria no sentido de evitar que ve\u00edculos trafeguem em velocidade acima do permitido, causando preocupa\u00e7\u00e3o aos moradores, com riscos eminentes de acidentes de tr\u00e2nsito\u201d, justificou.<\/p>\n<p>Al\u00e9m disso, fez um outro pedido \u00e0 Agetrat, visando a realiza\u00e7\u00e3o de estudos t\u00e9cnicos para instala\u00e7\u00e3o de conjunto semaf\u00f3rico no cruzamento das ruas Marechal Floriano e Delfino Scaffa, no Bairro Nova Corumb\u00e1. Disse que isso foi um pedido dos moradores, para garantir maior seguran\u00e7a no tr\u00e2nsito e evitar acidentes no local.<\/p>\n","protected":false},"excerpt":{"rendered":"<p>Para melhorar a acessibilidade de pedestres, em especial de pessoas portadoras de defici\u00eancia, o vereador&#8230;<\/p>\n","protected":false},"author":12,"featured_media":0,"comment_status":"closed","ping_status":"closed","sticky":false,"template":"","format":"standard","meta":{"footnotes":""},"categories":[19],"tags":[],"class_list":["post-11710445","post","type-post","status-publish","format-standard","hentry","category-politica"],"_links":{"self":[{"href":"https:\/\/www.corumbaonline.com.br\/news\/wp-json\/wp\/v2\/posts\/11710445","targetHints":{"allow":["GET"]}}],"collection":[{"href":"https:\/\/www.corumbaonline.com.br\/news\/wp-json\/wp\/v2\/posts"}],"about":[{"href":"https:\/\/www.corumbaonline.com.br\/news\/wp-json\/wp\/v2\/types\/post"}],"author":[{"embeddable":true,"href":"https:\/\/www.corumbaonline.com.br\/news\/wp-json\/wp\/v2\/users\/12"}],"replies":[{"embeddable":true,"href":"https:\/\/www.corumbaonline.com.br\/news\/wp-json\/wp\/v2\/comments?post=11710445"}],"version-history":[{"count":1,"href":"https:\/\/www.corumbaonline.com.br\/news\/wp-json\/wp\/v2\/posts\/11710445\/revisions"}],"predecessor-version":[{"id":11710446,"href":"https:\/\/www.corumbaonline.com.br\/news\/wp-json\/wp\/v2\/posts\/11710445\/revisions\/11710446"}],"wp:attachment":[{"href":"https:\/\/www.corumbaonline.com.br\/news\/wp-json\/wp\/v2\/media?parent=11710445"}],"wp:term":[{"taxonomy":"category","embeddable":true,"href":"https:\/\/www.corumbaonline.com.br\/news\/wp-json\/wp\/v2\/categories?post=11710445"},{"taxonomy":"post_tag","embeddable":true,"href":"https:\/\/www.corumbaonline.com.br\/news\/wp-json\/wp\/v2\/tags?post=11710445"}],"curies":[{"name":"wp","href":"https:\/\/api.w.org\/{rel}","templated":true}]}}