{"id":11710447,"date":"2020-11-26T09:12:00","date_gmt":"2020-11-26T13:12:00","guid":{"rendered":"http:\/\/www.corumbaonline.com.br\/news\/?p=11710447"},"modified":"2020-11-26T10:14:31","modified_gmt":"2020-11-26T14:14:31","slug":"com-artesanatos-produzidos-por-reeducandos-12a-feira-do-artesao-livre-especial-de-natal-sera-em-formato-virtual-pelo-whatsapp","status":"publish","type":"post","link":"https:\/\/www.corumbaonline.com.br\/news\/com-artesanatos-produzidos-por-reeducandos-12a-feira-do-artesao-livre-especial-de-natal-sera-em-formato-virtual-pelo-whatsapp\/","title":{"rendered":"Com artesanatos produzidos por reeducandos, 12\u00aa Feira do Artes\u00e3o Livre \u201cEspecial de Natal\u2019 ser\u00e1 em formato virtual pelo WhatsApp"},"content":{"rendered":"<p>Acontece no pr\u00f3ximo dia 1\u00ba de dezembro a 12\u00aa Feira do Artes\u00e3o Livre Especial de Natal, que re\u00fane pe\u00e7as artesanais variadas produzidas em unidades prisionais da Ag\u00eancia Estadual de Administra\u00e7\u00e3o do Sistema Penitenci\u00e1rio (Agepen). Este ano, por conta das medidas de biosseguran\u00e7a para conter o avan\u00e7o da pandemia e resguardar a sa\u00fade dos colaboradores e p\u00fablico externo, o evento ser\u00e1 realizado em formato virtual por meio do aplicativo de mensagem instant\u00e2nea WhatsApp<em>.<\/em><\/p>\n<p>A 12\u00aa Feira do Artes\u00e3o Livre \u00e9 uma a\u00e7\u00e3o conjunta entre a Agepen e o Minist\u00e9rio P\u00fablico Estadual, por interm\u00e9dio da 50\u00aa Promotoria de Justi\u00e7a, com a colabora\u00e7\u00e3o do Conselho da Comunidade de Campo Grande e do Instituto A\u00e7\u00e3o pela Paz.<\/p>\n<p>A exposi\u00e7\u00e3o ir\u00e1 reunir 280 pe\u00e7as de artesanato que foram produzidas por custodiados do Instituto Penal de Campo Grande, Pres\u00eddio de Seguran\u00e7a M\u00e1xima, Centro de Triagem, Pres\u00eddio de Tr\u00e2nsito, Estabelecimento Penal Feminino \u201cIrm\u00e3 Irma Zorzi\u201d e Estabelecimento Penal Feminino de Regimes Semiaberto e Aberto de Campo Grande.<\/p>\n<p><a href=\"http:\/\/www.ms.gov.br\/wp-content\/uploads\/sites\/150\/2020\/11\/artesao-livre-edicao-virtual.jpeg\"><img loading=\"lazy\" decoding=\"async\" class=\"wp-image-332782 size-medium alignright\" src=\"http:\/\/www.ms.gov.br\/wp-content\/uploads\/sites\/150\/2020\/11\/artesao-livre-edicao-virtual-300x300.jpeg\" sizes=\"auto, (max-width: 300px) 100vw, 300px\" srcset=\"http:\/\/www.ms.gov.br\/wp-content\/uploads\/sites\/150\/2020\/11\/artesao-livre-edicao-virtual-300x300.jpeg 300w, http:\/\/www.ms.gov.br\/wp-content\/uploads\/sites\/150\/2020\/11\/artesao-livre-edicao-virtual-150x150.jpeg 150w, http:\/\/www.ms.gov.br\/wp-content\/uploads\/sites\/150\/2020\/11\/artesao-livre-edicao-virtual-240x240.jpeg 240w, http:\/\/www.ms.gov.br\/wp-content\/uploads\/sites\/150\/2020\/11\/artesao-livre-edicao-virtual.jpeg 700w\" alt=\"\" width=\"300\" height=\"300\" \/><\/a>Dentre os itens dispon\u00edveis para a venda est\u00e3o bordados, esculturas, cer\u00e2micas, produtos variados de croch\u00ea, arte com recicl\u00e1veis e caixas decoradas em MDF. Alguns dos materiais foram produzidos a partir de cursos de qualifica\u00e7\u00e3o disponibilizados pela Agepen e parceiros, refor\u00e7ando o trabalho e a capacita\u00e7\u00e3o t\u00e9cnica como meio de reinser\u00e7\u00e3o social e combate \u00e0 reincid\u00eancia criminal.<\/p>\n<p>A iniciativa tem como objetivo apresentar \u00e0 sociedade os trabalhos laborais desenvolvidos pelos custodiados, sendo que os valores arrecadados com a venda dos produtos artesanais s\u00e3o revertidos ao custodiado que o elaborou e ao sustento de sua fam\u00edlia.<\/p>\n<p><strong>Edi\u00e7\u00e3o Virtual<\/strong><\/p>\n<p>A edi\u00e7\u00e3o deste ano ser\u00e1 realizada em formato virtual, e ocorrer\u00e1 no dia 1\u00ba de dezembro das 9h \u00e0s 18h.\u00a0 Os produtos ser\u00e3o expostos e vendidos em grupo do WhatsApp e a entrega em domic\u00edlio.<\/p>\n<p><strong>Instru\u00e7\u00f5es<\/strong><\/p>\n<p>O link para acesso ao grupo onde ser\u00e1 exposta as fotos dos artesanatos a serem vendidos ser\u00e1:<\/p>\n<p><a href=\"https:\/\/chat.whatsapp.com\/GDQBwLymECZ8qi19uWP7HG\">https:\/\/chat.whatsapp.com\/GDQBwLymECZ8qi19uWP7HG<\/a><\/p>\n<p>Para efetuar as compras, o cliente ir\u00e1 escolher o produto pela fotografia e sinalizar que tem o interesse em compr\u00e1-lo, informando o c\u00f3digo identificador de cada pe\u00e7a.<\/p>\n<p>Para finalizar as compras, dever\u00e1 encaminhar mensagem ao n\u00famero de WhatsApp do Apoio da 50\u00aa Promotoria de Justi\u00e7a (67) 99336-7742, quando obter\u00e1 informa\u00e7\u00e3o do n\u00famero da subconta judicial respectiva para dep\u00f3sito. O pagamento ser\u00e1 feito mediante transfer\u00eancia banc\u00e1ria.<\/p>\n<p>Efetivado o pagamento, o comprador dever\u00e1 enviar o comprovante no mesmo n\u00famero de WhatsApp do apoio da 50\u00aa Promotoria de Justi\u00e7a e informar o endere\u00e7o onde pretende receber seu(s) produto(s).<\/p>\n<p>Ap\u00f3s a venda, ser\u00e1 inserida no grupo das vendas de aplicativo WhatsApp a foto do produto comprado com a informa\u00e7\u00e3o \u201cVENDIDO\u201d, e o comprador receber\u00e1 sua compra no endere\u00e7o indicado.<\/p>\n","protected":false},"excerpt":{"rendered":"<p>Acontece no pr\u00f3ximo dia 1\u00ba de dezembro a 12\u00aa Feira do Artes\u00e3o Livre Especial de&#8230;<\/p>\n","protected":false},"author":13,"featured_media":11710448,"comment_status":"closed","ping_status":"closed","sticky":false,"template":"","format":"standard","meta":{"footnotes":""},"categories":[7],"tags":[],"class_list":["post-11710447","post","type-post","status-publish","format-standard","has-post-thumbnail","hentry","category-cultura"],"_links":{"self":[{"href":"https:\/\/www.corumbaonline.com.br\/news\/wp-json\/wp\/v2\/posts\/11710447","targetHints":{"allow":["GET"]}}],"collection":[{"href":"https:\/\/www.corumbaonline.com.br\/news\/wp-json\/wp\/v2\/posts"}],"about":[{"href":"https:\/\/www.corumbaonline.com.br\/news\/wp-json\/wp\/v2\/types\/post"}],"author":[{"embeddable":true,"href":"https:\/\/www.corumbaonline.com.br\/news\/wp-json\/wp\/v2\/users\/13"}],"replies":[{"embeddable":true,"href":"https:\/\/www.corumbaonline.com.br\/news\/wp-json\/wp\/v2\/comments?post=11710447"}],"version-history":[{"count":1,"href":"https:\/\/www.corumbaonline.com.br\/news\/wp-json\/wp\/v2\/posts\/11710447\/revisions"}],"predecessor-version":[{"id":11710449,"href":"https:\/\/www.corumbaonline.com.br\/news\/wp-json\/wp\/v2\/posts\/11710447\/revisions\/11710449"}],"wp:featuredmedia":[{"embeddable":true,"href":"https:\/\/www.corumbaonline.com.br\/news\/wp-json\/wp\/v2\/media\/11710448"}],"wp:attachment":[{"href":"https:\/\/www.corumbaonline.com.br\/news\/wp-json\/wp\/v2\/media?parent=11710447"}],"wp:term":[{"taxonomy":"category","embeddable":true,"href":"https:\/\/www.corumbaonline.com.br\/news\/wp-json\/wp\/v2\/categories?post=11710447"},{"taxonomy":"post_tag","embeddable":true,"href":"https:\/\/www.corumbaonline.com.br\/news\/wp-json\/wp\/v2\/tags?post=11710447"}],"curies":[{"name":"wp","href":"https:\/\/api.w.org\/{rel}","templated":true}]}}