{"id":11710470,"date":"2020-11-30T08:10:00","date_gmt":"2020-11-30T12:10:00","guid":{"rendered":"http:\/\/www.corumbaonline.com.br\/news\/?p=11710470"},"modified":"2020-11-30T08:52:26","modified_gmt":"2020-11-30T12:52:26","slug":"eleicoes-2020-saiba-quem-serao-os-prefeitos-das-capitais-brasileiras","status":"publish","type":"post","link":"https:\/\/www.corumbaonline.com.br\/news\/eleicoes-2020-saiba-quem-serao-os-prefeitos-das-capitais-brasileiras\/","title":{"rendered":"Elei\u00e7\u00f5es 2020: saiba quem ser\u00e3o os prefeitos das capitais brasileiras"},"content":{"rendered":"<p>Com a conclus\u00e3o da apura\u00e7\u00e3o do segundo turno das elei\u00e7\u00f5es, j\u00e1 se sabe quem ser\u00e3o os prefeitos de 25 das 26 capitais dos estados brasileiro. Os novos mandatos ser\u00e3o para o per\u00edodo de quatro anos que se inicia em 2021 e\u00a0se encerra em 2024.<img decoding=\"async\" src=\"https:\/\/agenciabrasil.ebc.com.br\/ebc.png?id=1395021&amp;o=node\" \/><img decoding=\"async\" src=\"https:\/\/agenciabrasil.ebc.com.br\/ebc.gif?id=1395021&amp;o=node\" \/><\/p>\n<p>Em Macap\u00e1, o processo eleitoral foi adiado devido ao apag\u00e3o energ\u00e9tico que atingiu o estado do Amap\u00e1. O primeiro turno na cidade ser\u00e1 em 6 de dezembro e o segundo turno, caso seja necess\u00e1rio, acontecer\u00e1 em 20 de dezembro.<\/p>\n<p>As elei\u00e7\u00f5es para prefeito j\u00e1 haviam se decidido no primeiro turno em sete capitais: Belo Horizonte (MG), Campo Grande (MS), Curitiba (PR), Florian\u00f3polis (SC), Natal (RN), Palmas (TO) e Salvador (BA). Em outras 18, os eleitores voltaram as urnas\u00a0neste domingo (29). Vale lembrar que a capital federal, Bras\u00edlia, n\u00e3o participa das elei\u00e7\u00f5es municipais pois n\u00e3o possui prefeitura, uma vez que o chefe do executivo \u00e9 o governador.<\/p>\n<h2>Confira a lista com todos os prefeitos eleitos<\/h2>\n<h3>Regi\u00e3o Norte<\/h3>\n<p>Bel\u00e9m (PA): Edmilson Rodrigues (PSOL)<br \/>\nBoa Vista (RR): Arthur Henrique (MDB)<br \/>\nMacap\u00e1 (AP): [elei\u00e7\u00e3o adiada]<br \/>\nManaus (AM): David Almeida (Avante)<br \/>\nPalmas (TO): Cinthia Ribeiro (PSDB) [reeleito]<br \/>\nPorto Velho (RO): Hildon Chaves (PSDB)<br \/>\nRio Branco (AC): Ti\u00e3o Bocalom (PP)<\/p>\n<h3>Regi\u00e3o Nordeste<\/h3>\n<p>Aracaju (SE): Edvaldo (PDT) [reeleito]<br \/>\nFortaleza (CE): Sarto (PDT)<br \/>\nJo\u00e3o Pessoa (PA): C\u00edcero Lucena (PP)<br \/>\nMacei\u00f3 (AL): JHC (PSB)<br \/>\nNatal (RN): \u00c1lvaro Dias (PSDB) [reeleito]<br \/>\nRecife (PE): Jo\u00e3o Campos (PSB)<br \/>\nSalvador (BA): Bruno Reis (DEM)<br \/>\nS\u00e3o Lu\u00eds (MA): Eduardo Braide (Podemos)<br \/>\nTeresina (PI): Dr. Pessoa (MDB)<\/p>\n<h3>Regi\u00e3o Centro-Oeste<\/h3>\n<p>Campo Grande (MS): Marquinhos Trad (PSD)\u00a0[reeleito]<br \/>\nCuiab\u00e1 (MT): Emanuel Pinheiro (MDB)<br \/>\nGoi\u00e2nia (GO): Maguito Vilela (MDB)<\/p>\n<h3>Regi\u00e3o Sudeste<\/h3>\n<p>Belo Horizonte (MG): Alexandre Kalil (PSD) [reeleito]<br \/>\nRio de Janeiro (RJ): Eduardo Paes (DEM)<br \/>\nS\u00e3o Paulo (SP): Bruno Covas (PSDB)<br \/>\nVit\u00f3ria (ES): Delegado Pazolini (Republicanos)<\/p>\n<h3>Regi\u00e3o Sul<\/h3>\n<p>Curitiba (PR): Rafael Greca (DEM) [reeleito]<br \/>\nFlorian\u00f3polis (SC): Gean (DEM)<br \/>\nPorto Alegre (RS): Sebasti\u00e3o Melo (MDB)<\/p>\n","protected":false},"excerpt":{"rendered":"<p>Com a conclus\u00e3o da apura\u00e7\u00e3o do segundo turno das elei\u00e7\u00f5es, j\u00e1 se sabe quem ser\u00e3o&#8230;<\/p>\n","protected":false},"author":4,"featured_media":0,"comment_status":"closed","ping_status":"closed","sticky":false,"template":"","format":"standard","meta":{"footnotes":""},"categories":[19],"tags":[],"class_list":["post-11710470","post","type-post","status-publish","format-standard","hentry","category-politica"],"_links":{"self":[{"href":"https:\/\/www.corumbaonline.com.br\/news\/wp-json\/wp\/v2\/posts\/11710470","targetHints":{"allow":["GET"]}}],"collection":[{"href":"https:\/\/www.corumbaonline.com.br\/news\/wp-json\/wp\/v2\/posts"}],"about":[{"href":"https:\/\/www.corumbaonline.com.br\/news\/wp-json\/wp\/v2\/types\/post"}],"author":[{"embeddable":true,"href":"https:\/\/www.corumbaonline.com.br\/news\/wp-json\/wp\/v2\/users\/4"}],"replies":[{"embeddable":true,"href":"https:\/\/www.corumbaonline.com.br\/news\/wp-json\/wp\/v2\/comments?post=11710470"}],"version-history":[{"count":1,"href":"https:\/\/www.corumbaonline.com.br\/news\/wp-json\/wp\/v2\/posts\/11710470\/revisions"}],"predecessor-version":[{"id":11710471,"href":"https:\/\/www.corumbaonline.com.br\/news\/wp-json\/wp\/v2\/posts\/11710470\/revisions\/11710471"}],"wp:attachment":[{"href":"https:\/\/www.corumbaonline.com.br\/news\/wp-json\/wp\/v2\/media?parent=11710470"}],"wp:term":[{"taxonomy":"category","embeddable":true,"href":"https:\/\/www.corumbaonline.com.br\/news\/wp-json\/wp\/v2\/categories?post=11710470"},{"taxonomy":"post_tag","embeddable":true,"href":"https:\/\/www.corumbaonline.com.br\/news\/wp-json\/wp\/v2\/tags?post=11710470"}],"curies":[{"name":"wp","href":"https:\/\/api.w.org\/{rel}","templated":true}]}}