{"id":11710491,"date":"2020-12-01T09:15:00","date_gmt":"2020-12-01T13:15:00","guid":{"rendered":"http:\/\/www.corumbaonline.com.br\/news\/?p=11710491"},"modified":"2020-12-01T11:04:09","modified_gmt":"2020-12-01T15:04:09","slug":"prefeitura-tera-novo-organograma-com-foco-no-planejamento-estrategico","status":"publish","type":"post","link":"https:\/\/www.corumbaonline.com.br\/news\/prefeitura-tera-novo-organograma-com-foco-no-planejamento-estrategico\/","title":{"rendered":"Prefeitura ter\u00e1 novo organograma com foco no planejamento estrat\u00e9gico"},"content":{"rendered":"<p>A Prefeitura de Corumb\u00e1 deve encaminhar \u00e0 C\u00e2mara de Vereadores ainda nesta semana o novo organograma do Executivo para o mandato que se inicia em 1\u00ba de janeiro de 2021. Reeleito com 42,65% dos votos v\u00e1lidos, o prefeito Marcelo Iunes afirmou que o foco da pr\u00f3xima gest\u00e3o ser\u00e1 o planejamento estrat\u00e9gico.<\/p>\n<p>\u201cVamos criar uma secretaria que vai se dedicar exclusivamente a isso. O objetivo \u00e9 dar mais agilidade aos projetos que temos para os pr\u00f3ximos quatro anos e tamb\u00e9m facilitar a busca de parcerias por novas a\u00e7\u00f5es, tanto nas esferas Estadual e Federal\u201d, afirmou o prefeito.<\/p>\n<p>Iunes adiantou tamb\u00e9m que a far\u00e1 a fus\u00e3o da Secretaria Municipal de Assist\u00eancia Social e Direitos Humanos com a Secretaria Especial de Cidadania e Pol\u00edticas P\u00fablicas, al\u00e9m de dar mais autonomia \u00e0s Superintend\u00eancias. \u201cVamos continuar fazendo um governo s\u00e9rio, humanizado e transparente, afinal de contas foi o que a popula\u00e7\u00e3o decidiu nas urnas\u201d, completou o chefe do Executivo.<\/p>\n<p>Sobre a exonera\u00e7\u00e3o dos ocupantes dos cargos em comiss\u00e3o, o prefeito lembrou que essa medida \u00e9 necess\u00e1ria e que todos receber\u00e3o o acerto financeiro a que t\u00eam direito ainda neste m\u00eas. \u201cDiferente do que j\u00e1 foi feito em outras administra\u00e7\u00f5es, n\u00e3o deixaremos nada pendente para a pr\u00f3xima gest\u00e3o\u201d, afirmou.<\/p>\n<p>\u201cAl\u00e9m disso, a maioria deve retornar assim que seja necess\u00e1rio, pois realizam atividades fundamentais para o bom funcionamento da m\u00e1quina p\u00fablica\u201d, completou Marcelo Iunes.<\/p>\n","protected":false},"excerpt":{"rendered":"<p>A Prefeitura de Corumb\u00e1 deve encaminhar \u00e0 C\u00e2mara de Vereadores ainda nesta semana o novo&#8230;<\/p>\n","protected":false},"author":70,"featured_media":11710492,"comment_status":"closed","ping_status":"closed","sticky":false,"template":"","format":"standard","meta":{"footnotes":""},"categories":[8,9,19],"tags":[],"class_list":["post-11710491","post","type-post","status-publish","format-standard","has-post-thumbnail","hentry","category-destaque","category-economia","category-politica"],"_links":{"self":[{"href":"https:\/\/www.corumbaonline.com.br\/news\/wp-json\/wp\/v2\/posts\/11710491","targetHints":{"allow":["GET"]}}],"collection":[{"href":"https:\/\/www.corumbaonline.com.br\/news\/wp-json\/wp\/v2\/posts"}],"about":[{"href":"https:\/\/www.corumbaonline.com.br\/news\/wp-json\/wp\/v2\/types\/post"}],"author":[{"embeddable":true,"href":"https:\/\/www.corumbaonline.com.br\/news\/wp-json\/wp\/v2\/users\/70"}],"replies":[{"embeddable":true,"href":"https:\/\/www.corumbaonline.com.br\/news\/wp-json\/wp\/v2\/comments?post=11710491"}],"version-history":[{"count":1,"href":"https:\/\/www.corumbaonline.com.br\/news\/wp-json\/wp\/v2\/posts\/11710491\/revisions"}],"predecessor-version":[{"id":11710493,"href":"https:\/\/www.corumbaonline.com.br\/news\/wp-json\/wp\/v2\/posts\/11710491\/revisions\/11710493"}],"wp:featuredmedia":[{"embeddable":true,"href":"https:\/\/www.corumbaonline.com.br\/news\/wp-json\/wp\/v2\/media\/11710492"}],"wp:attachment":[{"href":"https:\/\/www.corumbaonline.com.br\/news\/wp-json\/wp\/v2\/media?parent=11710491"}],"wp:term":[{"taxonomy":"category","embeddable":true,"href":"https:\/\/www.corumbaonline.com.br\/news\/wp-json\/wp\/v2\/categories?post=11710491"},{"taxonomy":"post_tag","embeddable":true,"href":"https:\/\/www.corumbaonline.com.br\/news\/wp-json\/wp\/v2\/tags?post=11710491"}],"curies":[{"name":"wp","href":"https:\/\/api.w.org\/{rel}","templated":true}]}}