{"id":11710516,"date":"2020-12-01T11:12:00","date_gmt":"2020-12-01T15:12:00","guid":{"rendered":"http:\/\/www.corumbaonline.com.br\/news\/?p=11710516"},"modified":"2020-12-01T12:51:06","modified_gmt":"2020-12-01T16:51:06","slug":"coronel-dos-bombeiros-morre-em-queda-de-helicoptero-na-divisa-de-ms-e-mt","status":"publish","type":"post","link":"https:\/\/www.corumbaonline.com.br\/news\/coronel-dos-bombeiros-morre-em-queda-de-helicoptero-na-divisa-de-ms-e-mt\/","title":{"rendered":"Coronel dos bombeiros morre em queda de helic\u00f3ptero na divisa de MS e MT"},"content":{"rendered":"<p>O coronel do Corpo de Bombeiros do Par\u00e1, Mauro Tadeu, morreu ap\u00f3s<strong>\u00a0queda de helic\u00f3ptero do Ibama<\/strong>\u00a0(Instituto Brasileiro do\u00a0<a class=\"st_tag internal_tag\" title=\"Not\u00edcias sobre Meio Ambiente\" href=\"https:\/\/www.midiamax.com.br\/tag\/ambiente\" rel=\"tag\">Meio Ambiente<\/a>\u00a0e dos Recursos Naturais Renov\u00e1veis), na noite de segunda-feira (30), durante combate a inc\u00eandios na regi\u00e3o do\u00a0<a class=\"st_tag internal_tag\" title=\"Not\u00edcias sobre Pantanal\" href=\"https:\/\/www.midiamax.com.br\/tag\/pantanal\" rel=\"tag\">Pantanal<\/a>, na divisa de Mato Grosso com\u00a0<a class=\"st_tag internal_tag\" title=\"Not\u00edcias sobre Mato Grosso do Sul\" href=\"https:\/\/www.midiamax.com.br\/tag\/mato-grosso-do-sul\" rel=\"tag\">Mato Grosso do Sul<\/a>.<\/p>\n<p>Conforme o Ciopaer (Centro Integrado de Opera\u00e7\u00f5es A\u00e9reas) do Mato Grosso, o helic\u00f3ptero PR-HEB do Ibama realizava opera\u00e7\u00f5es ambientais na regi\u00e3o. O oficial do Corpo de Bombeiros n\u00e3o resistiu aos ferimentos e morreu ainda no local. N\u00e3o foi informado se outras pessoas ficaram feridas.<\/p>\n<p>De acordo com o Ibama, o acidente foi volta de 18h e \u00e0s 23h parte da tripula\u00e7\u00e3o que fazia parte da equipe, mas que n\u00e3o encontrava-se na aeronave foi localizada. O piloto estava sozinho na aeronave no momento da queda.<\/p>\n<p>A aeronave era usada no combate aos inc\u00eandios no\u00a0<a class=\"st_tag internal_tag\" title=\"Not\u00edcias sobre Pantanal\" href=\"https:\/\/www.midiamax.com.br\/tag\/pantanal\" rel=\"tag\">Pantanal<\/a>. A aeronave fazia uma manobra quando pegava \u00e1gua em um rio.<\/p>\n","protected":false},"excerpt":{"rendered":"<p>O coronel do Corpo de Bombeiros do Par\u00e1, Mauro Tadeu, morreu ap\u00f3s\u00a0queda de helic\u00f3ptero do&#8230;<\/p>\n","protected":false},"author":10,"featured_media":11710517,"comment_status":"closed","ping_status":"closed","sticky":false,"template":"","format":"standard","meta":{"footnotes":""},"categories":[18],"tags":[],"class_list":["post-11710516","post","type-post","status-publish","format-standard","has-post-thumbnail","hentry","category-seguranca"],"_links":{"self":[{"href":"https:\/\/www.corumbaonline.com.br\/news\/wp-json\/wp\/v2\/posts\/11710516","targetHints":{"allow":["GET"]}}],"collection":[{"href":"https:\/\/www.corumbaonline.com.br\/news\/wp-json\/wp\/v2\/posts"}],"about":[{"href":"https:\/\/www.corumbaonline.com.br\/news\/wp-json\/wp\/v2\/types\/post"}],"author":[{"embeddable":true,"href":"https:\/\/www.corumbaonline.com.br\/news\/wp-json\/wp\/v2\/users\/10"}],"replies":[{"embeddable":true,"href":"https:\/\/www.corumbaonline.com.br\/news\/wp-json\/wp\/v2\/comments?post=11710516"}],"version-history":[{"count":1,"href":"https:\/\/www.corumbaonline.com.br\/news\/wp-json\/wp\/v2\/posts\/11710516\/revisions"}],"predecessor-version":[{"id":11710518,"href":"https:\/\/www.corumbaonline.com.br\/news\/wp-json\/wp\/v2\/posts\/11710516\/revisions\/11710518"}],"wp:featuredmedia":[{"embeddable":true,"href":"https:\/\/www.corumbaonline.com.br\/news\/wp-json\/wp\/v2\/media\/11710517"}],"wp:attachment":[{"href":"https:\/\/www.corumbaonline.com.br\/news\/wp-json\/wp\/v2\/media?parent=11710516"}],"wp:term":[{"taxonomy":"category","embeddable":true,"href":"https:\/\/www.corumbaonline.com.br\/news\/wp-json\/wp\/v2\/categories?post=11710516"},{"taxonomy":"post_tag","embeddable":true,"href":"https:\/\/www.corumbaonline.com.br\/news\/wp-json\/wp\/v2\/tags?post=11710516"}],"curies":[{"name":"wp","href":"https:\/\/api.w.org\/{rel}","templated":true}]}}