{"id":11710539,"date":"2020-12-03T09:31:00","date_gmt":"2020-12-03T13:31:00","guid":{"rendered":"http:\/\/www.corumbaonline.com.br\/news\/?p=11710539"},"modified":"2020-12-03T21:10:05","modified_gmt":"2020-12-04T01:10:05","slug":"ifms-divulga-inscricoes-homologadas-para-cursos-tecnicos-integrados","status":"publish","type":"post","link":"https:\/\/www.corumbaonline.com.br\/news\/ifms-divulga-inscricoes-homologadas-para-cursos-tecnicos-integrados\/","title":{"rendered":"IFMS divulga inscri\u00e7\u00f5es homologadas para cursos t\u00e9cnicos integrados"},"content":{"rendered":"<p>O Instituto Federal de Mato Grosso do Sul (IFMS) divulgou nesta quarta-feira, 2, a\u00a0<a href=\"http:\/\/www.ifms.edu.br:9000\/lists\/lt.php?tid=KxkBUVJbVAkCBUtUBgAHTlBdBFFOAQxcAxsMVVYCWgAABlZUAwkfCFcCUlcEAgROAldUBE4NCAoDGwBQUFZPAFMDVFNRAVQDB1FWH1ICAwYCUlcDTghaXAYbDFZQBk8JVlZUH1AKVgBWAgNWVAIABw\" target=\"_blank\" rel=\"noopener noreferrer\">rela\u00e7\u00e3o preliminar de inscri\u00e7\u00f5es homologadas<\/a>\u00a0no processo seletivo para ingresso em cursos t\u00e9cnicos integrados ao ensino m\u00e9dio.<\/p>\n<p>A lista,\u00a0<a title=\"publicada na Central de Sele\u00e7\u00e3o do IFMS\" href=\"http:\/\/www.ifms.edu.br:9000\/lists\/lt.php?tid=KxlWB11dWlQCBEtRU1VQTlAEVFBOAA0NBhsIBFEABFVTXAFUXQEfCFcCUlcEAgROAldUBE4NCAoDGwBQUFZPAFMDVFNRAVQDB1FWH1ICAwYCUlcDTghaXAYbDFZQBk8JVlZUH1AKVgBWAgNWVAIABw\" target=\"_blank\" rel=\"noopener noreferrer\">publicada na Central de Sele\u00e7\u00e3o do IFMS<\/a>, traz o\u00a0nome do candidato, as notas em cada disciplina e a m\u00e9dia final.<\/p>\n<p>De acordo com a\u00a0<a title=\"retifica\u00e7\u00e3o publicada no \u00faltimo dia 30\" href=\"http:\/\/www.ifms.edu.br:9000\/lists\/lt.php?tid=KxkAAVFcVlIFVUsBDlIETlBcUVtOAQ9aDxsAVwAEAAdbAFcKBgsfCFcCUlcEAgROAldUBE4NCAoDGwBQUFZPAFMDVFNRAVQDB1FWH1ICAwYCUlcDTghaXAYbDFZQBk8JVlZUH1AKVgBWAgNWVAIABw\" target=\"_blank\" rel=\"noopener noreferrer\">retifica\u00e7\u00e3o publicada no \u00faltimo dia 30<\/a>, os candidatos que tiveram a inscri\u00e7\u00e3o homologada poder\u00e3o alterar a op\u00e7\u00e3o de benefici\u00e1rio de a\u00e7\u00e3o afirmativa (cotista) nesta quinta e sexta-feira, 3 e 4 de dezembro.<\/p>\n<p>A altera\u00e7\u00e3o da op\u00e7\u00e3o de cotista dever\u00e1 se feita por meio de interposi\u00e7\u00e3o de recurso. Ao acessar o cadastro na\u00a0<a title=\"P\u00e1gina do Candidato\" href=\"http:\/\/www.ifms.edu.br:9000\/lists\/lt.php?tid=KxkNV11cVgJQA0tTUwJdTlAHAgNOAFwIVBsMVwQFUwABU1cHA10fCFcCUlcEAgROAldUBE4NCAoDGwBQUFZPAFMDVFNRAVQDB1FWH1ICAwYCUlcDTghaXAYbDFZQBk8JVlZUH1AKVgBWAgNWVAIABw\" target=\"_blank\" rel=\"noopener noreferrer\">P\u00e1gina do Candidato<\/a>, o candidato deve clicar em &#8216;Minhas inscri\u00e7\u00f5es&#8217; e, logo depois, no bot\u00e3o &#8216;Recurso&#8217;. Uma vez preenchido o formul\u00e1rio, basta enviar e a solicita\u00e7\u00e3o ser\u00e1 apreciada pela Diretoria de Educa\u00e7\u00e3o B\u00e1sica (Direb) do IFMS.<\/p>\n<p><strong>Cronograma<\/strong>\u00a0&#8211;\u00a0Na segunda-feira, 7, ser\u00e3o divulgadas a classifica\u00e7\u00e3o preliminar do processo seletivo e a convoca\u00e7\u00e3o para a banca de heteroidentifica\u00e7\u00e3o, no caso de candidatos pretos e pardos.<\/p>\n<p>As bancas ser\u00e3o realizadas entre os dias 10 e 23 de dezembro.\u00a0No dia 4 de janeiro, ser\u00e1 publicada a classifica\u00e7\u00e3o preliminar p\u00f3s-etapa de heteroidentifica\u00e7\u00e3o.<\/p>\n<p>A divulga\u00e7\u00e3o do resultado final e da primeira chamada est\u00e1 prevista para o dia 8 de janeiro, sendo que os convocados dever\u00e3o fazer a matr\u00edcula entre os dias 12 e 14 do mesmo m\u00eas.<\/p>\n<p><strong>Sele\u00e7\u00e3o<\/strong>\u00a0\u2013 Foram registradas 3.175 inscri\u00e7\u00f5es no processo seletivo.<\/p>\n<p>O curso mais concorrido \u00e9 Inform\u00e1tica oferecido em Campo Grande, com 12,2 candidatos por vaga no per\u00edodo matutino e 6,6 no vespertino, seguido do mesmo curso ofertado no per\u00edodo matutino em Corumb\u00e1, com 5,6 candidatos por vaga.<\/p>\n<p>Os candidatos aos cursos cujo n\u00famero de inscritos \u00e9 menor que o de vagas n\u00e3o ter\u00e3o a documenta\u00e7\u00e3o analisada.<\/p>\n<p>Foram ofertadas 1.520 vagas para 11 op\u00e7\u00f5es de cursos em Aquidauana, Campo Grande, Corumb\u00e1, Coxim, Dourados, Jardim, Navira\u00ed, Nova Andradina, Ponta Por\u00e3 e Tr\u00eas Lagoas.<\/p>\n<p>A sele\u00e7\u00e3o ser\u00e1 feita com base nas notas que o candidato obteve em L\u00edngua Portuguesa, Matem\u00e1tica, Ci\u00eancias, Hist\u00f3ria e Geografia no 8\u00ba ano do ensino fundamental.<\/p>\n","protected":false},"excerpt":{"rendered":"<p>O Instituto Federal de Mato Grosso do Sul (IFMS) divulgou nesta quarta-feira, 2, a\u00a0rela\u00e7\u00e3o preliminar&#8230;<\/p>\n","protected":false},"author":9,"featured_media":0,"comment_status":"closed","ping_status":"closed","sticky":false,"template":"","format":"standard","meta":{"footnotes":""},"categories":[10],"tags":[],"class_list":["post-11710539","post","type-post","status-publish","format-standard","hentry","category-educacao"],"_links":{"self":[{"href":"https:\/\/www.corumbaonline.com.br\/news\/wp-json\/wp\/v2\/posts\/11710539","targetHints":{"allow":["GET"]}}],"collection":[{"href":"https:\/\/www.corumbaonline.com.br\/news\/wp-json\/wp\/v2\/posts"}],"about":[{"href":"https:\/\/www.corumbaonline.com.br\/news\/wp-json\/wp\/v2\/types\/post"}],"author":[{"embeddable":true,"href":"https:\/\/www.corumbaonline.com.br\/news\/wp-json\/wp\/v2\/users\/9"}],"replies":[{"embeddable":true,"href":"https:\/\/www.corumbaonline.com.br\/news\/wp-json\/wp\/v2\/comments?post=11710539"}],"version-history":[{"count":1,"href":"https:\/\/www.corumbaonline.com.br\/news\/wp-json\/wp\/v2\/posts\/11710539\/revisions"}],"predecessor-version":[{"id":11710540,"href":"https:\/\/www.corumbaonline.com.br\/news\/wp-json\/wp\/v2\/posts\/11710539\/revisions\/11710540"}],"wp:attachment":[{"href":"https:\/\/www.corumbaonline.com.br\/news\/wp-json\/wp\/v2\/media?parent=11710539"}],"wp:term":[{"taxonomy":"category","embeddable":true,"href":"https:\/\/www.corumbaonline.com.br\/news\/wp-json\/wp\/v2\/categories?post=11710539"},{"taxonomy":"post_tag","embeddable":true,"href":"https:\/\/www.corumbaonline.com.br\/news\/wp-json\/wp\/v2\/tags?post=11710539"}],"curies":[{"name":"wp","href":"https:\/\/api.w.org\/{rel}","templated":true}]}}