{"id":11710545,"date":"2020-12-03T11:05:00","date_gmt":"2020-12-03T15:05:00","guid":{"rendered":"http:\/\/www.corumbaonline.com.br\/news\/?p=11710545"},"modified":"2020-12-03T21:42:58","modified_gmt":"2020-12-04T01:42:58","slug":"com-avanco-da-covid-mato-grosso-do-sul-registra-media-de-mil-casos-por-dia","status":"publish","type":"post","link":"https:\/\/www.corumbaonline.com.br\/news\/com-avanco-da-covid-mato-grosso-do-sul-registra-media-de-mil-casos-por-dia\/","title":{"rendered":"Com avan\u00e7o da Covid, Mato Grosso do Sul registra m\u00e9dia de mil casos por dia"},"content":{"rendered":"<p>Nesta quinta-feira (3) mais um indicador aponta para o crescimento exponencial da Covid-19 em Mato Grosso do Sul. A m\u00e9dia m\u00f3vel ultrapassou a barreira das mil confirma\u00e7\u00f5es, e com os dados atualizados desta quinta-feira (3) a m\u00e9dia passa aos 1.006 casos registrados por dia na \u00faltima semana.<\/p>\n<figure id=\"attachment_334255\" class=\"wp-caption alignnone\"><img loading=\"lazy\" decoding=\"async\" class=\"wp-image-334255 size-full\" src=\"http:\/\/www.ms.gov.br\/wp-content\/uploads\/sites\/150\/2020\/12\/media_movel_casos_covid_ms.png\" sizes=\"auto, (max-width: 678px) 100vw, 678px\" srcset=\"http:\/\/www.ms.gov.br\/wp-content\/uploads\/sites\/150\/2020\/12\/media_movel_casos_covid_ms.png 678w, http:\/\/www.ms.gov.br\/wp-content\/uploads\/sites\/150\/2020\/12\/media_movel_casos_covid_ms-300x173.png 300w, http:\/\/www.ms.gov.br\/wp-content\/uploads\/sites\/150\/2020\/12\/media_movel_casos_covid_ms-350x201.png 350w\" alt=\"\" width=\"678\" height=\"390\" \/><figcaption class=\"wp-caption-text\">Evolu\u00e7\u00e3o de casos e m\u00e9dia m\u00f3vel<\/figcaption><\/figure>\n<p>Ao longo desta semana a m\u00e9dia vem apresentando gradativo aumento, com 870 (30.11), 914 (1.12) e 921 (2.12). A tend\u00eancia \u00e9 de avan\u00e7o j\u00e1 que existem 6.240 casos sem encerramento pelos munic\u00edpios e outras 2.415 amostras em an\u00e1lise pelo Laborat\u00f3rio Central (Lacen).<\/p>\n<p>Nas \u00faltimas 24 horas houve a confirma\u00e7\u00e3o de 1.134 novas infec\u00e7\u00f5es em todo Estado. O total de casos desde o in\u00edcio da pandemia passou a 102.236.<\/p>\n<p>A maioria das confirma\u00e7\u00f5es novas \u00e9 de Campo Grande (+444), seguida de Dourados (+98), Corumb\u00e1 (+55), Rio Brilhante (+37), Ponta Por\u00e3 (+35) e Navira\u00ed (+34).<\/p>\n<p>O boletim desta quinta-feira trouxe mais 11 \u00f3bitos, e o n\u00famero de vidas perdidas para a doen\u00e7a no Estado subiu para 1.804. A m\u00e9dia m\u00f3vel de mortes indica que foram 8 por dia na \u00faltima semana.<\/p>\n<p>Dos \u00f3bitos registrados, 9 s\u00e3o de Campo Grande, 1 de Jardim e outro de Dourados. As v\u00edtimas tinham idades entre 20 e 89 anos, sendo duas com nada relatado e as demais com fatores de risco e comorbidades.<\/p>\n<p>O detalhamento do Boletim Epidemiol\u00f3gico desta quinta-feira pode ser conferido\u00a0<strong><a href=\"http:\/\/www.ms.gov.br\/wp-content\/uploads\/sites\/150\/2020\/12\/Boletim-Epidemiol%C3%B3gico-COVID-19-2020.12.03.pdf\">aqui<\/a><\/strong>.<\/p>\n<p><img loading=\"lazy\" decoding=\"async\" class=\"alignnone wp-image-334215 size-full\" src=\"http:\/\/www.ms.gov.br\/wp-content\/uploads\/sites\/150\/2020\/12\/boletim_quinta_3_dezembro.png\" sizes=\"auto, (max-width: 744px) 100vw, 744px\" srcset=\"http:\/\/www.ms.gov.br\/wp-content\/uploads\/sites\/150\/2020\/12\/boletim_quinta_3_dezembro.png 744w, http:\/\/www.ms.gov.br\/wp-content\/uploads\/sites\/150\/2020\/12\/boletim_quinta_3_dezembro-300x198.png 300w, http:\/\/www.ms.gov.br\/wp-content\/uploads\/sites\/150\/2020\/12\/boletim_quinta_3_dezembro-350x232.png 350w\" alt=\"\" width=\"744\" height=\"491\" \/><\/p>\n","protected":false},"excerpt":{"rendered":"<p>Nesta quinta-feira (3) mais um indicador aponta para o crescimento exponencial da Covid-19 em Mato&#8230;<\/p>\n","protected":false},"author":13,"featured_media":0,"comment_status":"closed","ping_status":"closed","sticky":false,"template":"","format":"standard","meta":{"footnotes":""},"categories":[116,8,21],"tags":[],"class_list":["post-11710545","post","type-post","status-publish","format-standard","hentry","category-coronavirus","category-destaque","category-saude"],"_links":{"self":[{"href":"https:\/\/www.corumbaonline.com.br\/news\/wp-json\/wp\/v2\/posts\/11710545","targetHints":{"allow":["GET"]}}],"collection":[{"href":"https:\/\/www.corumbaonline.com.br\/news\/wp-json\/wp\/v2\/posts"}],"about":[{"href":"https:\/\/www.corumbaonline.com.br\/news\/wp-json\/wp\/v2\/types\/post"}],"author":[{"embeddable":true,"href":"https:\/\/www.corumbaonline.com.br\/news\/wp-json\/wp\/v2\/users\/13"}],"replies":[{"embeddable":true,"href":"https:\/\/www.corumbaonline.com.br\/news\/wp-json\/wp\/v2\/comments?post=11710545"}],"version-history":[{"count":1,"href":"https:\/\/www.corumbaonline.com.br\/news\/wp-json\/wp\/v2\/posts\/11710545\/revisions"}],"predecessor-version":[{"id":11710546,"href":"https:\/\/www.corumbaonline.com.br\/news\/wp-json\/wp\/v2\/posts\/11710545\/revisions\/11710546"}],"wp:attachment":[{"href":"https:\/\/www.corumbaonline.com.br\/news\/wp-json\/wp\/v2\/media?parent=11710545"}],"wp:term":[{"taxonomy":"category","embeddable":true,"href":"https:\/\/www.corumbaonline.com.br\/news\/wp-json\/wp\/v2\/categories?post=11710545"},{"taxonomy":"post_tag","embeddable":true,"href":"https:\/\/www.corumbaonline.com.br\/news\/wp-json\/wp\/v2\/tags?post=11710545"}],"curies":[{"name":"wp","href":"https:\/\/api.w.org\/{rel}","templated":true}]}}