{"id":11710558,"date":"2020-12-05T12:00:00","date_gmt":"2020-12-05T16:00:00","guid":{"rendered":"http:\/\/www.corumbaonline.com.br\/news\/?p=11710558"},"modified":"2020-12-05T14:40:59","modified_gmt":"2020-12-05T18:40:59","slug":"orquestras-do-rio-de-janeiro-e-do-pantanal-se-unem-em-momento-unico","status":"publish","type":"post","link":"https:\/\/www.corumbaonline.com.br\/news\/orquestras-do-rio-de-janeiro-e-do-pantanal-se-unem-em-momento-unico\/","title":{"rendered":"Orquestras do Rio de Janeiro e do Pantanal se unem em momento \u00fanico"},"content":{"rendered":"<p class=\"x_MsoNormal\">Jovens da Orquestra Mar\u00e9 do Amanh\u00e3, do Rio de Janeiro, visitam Mato Grosso do Sul para conhecer a Cultura Regional, o bioma pantaneiro e vivenciar uma experi\u00eancia \u00fanica do encontro entre m\u00fasica e meio ambiente. Nesta quinta-feira, dia 03 de dezembro, eles conheceram duas Organiza\u00e7\u00f5es N\u00e3o Governamentais, o Instituto Homem Pantaneiro \u2013 IHP, que trabalha pela preserva\u00e7\u00e3o e recupera\u00e7\u00e3o do Pantanal e o Instituto Moinho Cultural Sul-Americano, que atende crian\u00e7as e adolescentes em situa\u00e7\u00e3o de vulnerabilidade social e transforma vidas por meio da m\u00fasica, dan\u00e7a, literatura e tecnologia, ambas em Corumb\u00e1\/MS, fronteira com a Bol\u00edvia.<\/p>\n<p class=\"x_MsoNormal\">\n<p class=\"x_MsoNormal\">Com o projeto Vozes da Mata, este \u00e9 um movimento que os levam pelos biomas do Brasil com a\u00e7\u00f5es diversas protagonizadas por jovens embaixadores da Orquestra. Entre as atividades se incluiu interc\u00e2mbio musical. No Moinho Cultural eles tocaram juntos com a Orquestra de C\u00e2mara do Pantanal, momento \u00fanico vivenciado a beira do rio Paraguai e sob o p\u00f4r do sol.<\/p>\n<p class=\"x_MsoNormal\">\n<p class=\"x_MsoNormal\">&#8220;Este encontro do Moinho Cultural, por meio da Orquestra de C\u00e2mera do Pantanal e a Orquestra da Mar\u00e9 do Amanh\u00e3, \u00e9 algo que estamos rompendo todas as barreiras. Estamos conquistando algo que faz parte da nossa miss\u00e3o e especialmente da nossa vis\u00e3o como institui\u00e7\u00e3o, que \u00e9 dar voz aos jovens da fronteira&#8221;, revela a diretora do Moinho Cultural, M\u00e1rcia Rolon.<\/p>\n<p class=\"x_MsoNormal\">\n<p class=\"x_MsoNormal\">Os registros de viagem do grupo se resultar\u00e1 em um document\u00e1rio que tem como realizadores a Escarlate, Inspirartes Cultural, Orquestra do Amanh\u00e3 e curadoria da WWF Brasil. A dire\u00e7\u00e3o \u00e9 de Lygia Barbosa e Ligia Feliciano. Realizadores chegaram ao nome do Moinho Cultural por interm\u00e9dio da advogada do setor cultural, Marina Mandetta.<\/p>\n<p class=\"x_MsoNormal\">\n<p class=\"x_MsoNormal\">Segundo o diretor e fundador da Orquestra Mar\u00e9 do Amanh\u00e3, uma das maiores surpresas foi conhecer um projeto cultural como o Moinho presente na fronteira. &#8220;Para n\u00f3s que estamos na \u00e1rea Cultural, que militamos pela transforma\u00e7\u00e3o da sociedade, foi uma surpresa encontrar este tesouro, esse pr\u00e9dio lindo. Uma escola maravilhosa que forma m\u00fasicos, dan\u00e7arinos e profissionais de tecnologia. Todo mundo precisaria conhecer este trabalho&#8221;, avalia Carlos Eduardo Prazeres.<\/p>\n<p class=\"x_MsoNormal\">\n<p class=\"x_MsoNormal\">Karolaine Jarcem, integrante da Orquestra de C\u00e2mara do Pantanal, frisa da import\u00e2ncia de momentos como este. &#8220;Essa colabora\u00e7\u00e3o \u00e9 muito importante pois estamos vivenciando novas perspectivas e lugares. Conviver e trocar experi\u00eancia \u00e9 muito v\u00e1lido. N\u00f3s somos uma Orquestra que est\u00e1 come\u00e7ando, mas temos tudo para crescer e levar o nome do Pantanal para fora&#8221;, acredita.<\/p>\n<p class=\"x_MsoNormal\">\n<p class=\"x_MsoNormal\">Todas as medidas de seguran\u00e7a foram tomadas para que fosse poss\u00edvel essa a\u00e7\u00e3o, o Moinho Cultural conseguiu parceria com a Prefeitura de Lad\u00e1rio para que todos os envolvidos passassem antes por teste da COVID-19.<\/p>\n<p class=\"x_MsoNormal\">\n<p class=\"x_MsoNormal\"><b>Sobre o Instituto<\/b><\/p>\n<p class=\"x_MsoNormal\">Localizado em Corumb\u00e1-MS, h\u00e1 16 anos o Instituto Moinho Cultural Sul-Americano transforma vidas. S\u00e3o ofertadas para crian\u00e7as e adolescentes em situa\u00e7\u00e3o de vulnerabilidade e risco social, aulas de ballet e m\u00fasica cl\u00e1ssica, dan\u00e7a contempor\u00e2nea, tecnologia e inform\u00e1tica, apoio escolar e grupo de conviv\u00eancia e fortalecimento de v\u00ednculos.<\/p>\n<p class=\"x_MsoNormal\">\n<p class=\"x_MsoNormal\">O Moinho tamb\u00e9m beneficia crian\u00e7as e jovens do munic\u00edpio de Lad\u00e1rio e das cidades bolivianas Puerto Suarez e Puerto Quijarro, o que possibilita um importante interc\u00e2mbio cultural.<\/p>\n<p class=\"x_MsoNormal\">\n<p class=\"x_MsoNormal\">O Moinho conta com o patroc\u00ednio master da Vale, patroc\u00ednio do Ita\u00fa Social, Hinove, VISA, BTGPactual, BRINKS, parceria J.Mac\u00eado, SESC, apoio Ambev Voa, Cielo, parceria institucional Prefeitura de Corumb\u00e1, Prefeitura de Lad\u00e1rio, Prefeitura de Puerto Su\u00e1rez, Prefeita de Puerto Quijarro, Instituto Homem Pantaneiro, IFMS, UFMS e Acaia Pantanal.<\/p>\n","protected":false},"excerpt":{"rendered":"<p>Jovens da Orquestra Mar\u00e9 do Amanh\u00e3, do Rio de Janeiro, visitam Mato Grosso do Sul&#8230;<\/p>\n","protected":false},"author":9,"featured_media":11710559,"comment_status":"closed","ping_status":"closed","sticky":false,"template":"","format":"standard","meta":{"footnotes":""},"categories":[7],"tags":[],"class_list":["post-11710558","post","type-post","status-publish","format-standard","has-post-thumbnail","hentry","category-cultura"],"_links":{"self":[{"href":"https:\/\/www.corumbaonline.com.br\/news\/wp-json\/wp\/v2\/posts\/11710558","targetHints":{"allow":["GET"]}}],"collection":[{"href":"https:\/\/www.corumbaonline.com.br\/news\/wp-json\/wp\/v2\/posts"}],"about":[{"href":"https:\/\/www.corumbaonline.com.br\/news\/wp-json\/wp\/v2\/types\/post"}],"author":[{"embeddable":true,"href":"https:\/\/www.corumbaonline.com.br\/news\/wp-json\/wp\/v2\/users\/9"}],"replies":[{"embeddable":true,"href":"https:\/\/www.corumbaonline.com.br\/news\/wp-json\/wp\/v2\/comments?post=11710558"}],"version-history":[{"count":1,"href":"https:\/\/www.corumbaonline.com.br\/news\/wp-json\/wp\/v2\/posts\/11710558\/revisions"}],"predecessor-version":[{"id":11710560,"href":"https:\/\/www.corumbaonline.com.br\/news\/wp-json\/wp\/v2\/posts\/11710558\/revisions\/11710560"}],"wp:featuredmedia":[{"embeddable":true,"href":"https:\/\/www.corumbaonline.com.br\/news\/wp-json\/wp\/v2\/media\/11710559"}],"wp:attachment":[{"href":"https:\/\/www.corumbaonline.com.br\/news\/wp-json\/wp\/v2\/media?parent=11710558"}],"wp:term":[{"taxonomy":"category","embeddable":true,"href":"https:\/\/www.corumbaonline.com.br\/news\/wp-json\/wp\/v2\/categories?post=11710558"},{"taxonomy":"post_tag","embeddable":true,"href":"https:\/\/www.corumbaonline.com.br\/news\/wp-json\/wp\/v2\/tags?post=11710558"}],"curies":[{"name":"wp","href":"https:\/\/api.w.org\/{rel}","templated":true}]}}