{"id":11710592,"date":"2020-12-09T08:34:00","date_gmt":"2020-12-09T12:34:00","guid":{"rendered":"http:\/\/www.corumbaonline.com.br\/news\/?p=11710592"},"modified":"2020-12-09T09:32:32","modified_gmt":"2020-12-09T13:32:32","slug":"ifms-assegura-manutencao-de-atividades-nao-presenciais","status":"publish","type":"post","link":"https:\/\/www.corumbaonline.com.br\/news\/ifms-assegura-manutencao-de-atividades-nao-presenciais\/","title":{"rendered":"IFMS assegura manuten\u00e7\u00e3o de atividades n\u00e3o presenciais"},"content":{"rendered":"<p>O Instituto Federal de Mato Grosso do Sul (IFMS) emitiu nota oficial sobre a Portaria n\u00ba 1.038, do Minist\u00e9rio da Educa\u00e7\u00e3o (MEC), publicada no Di\u00e1rio Oficial da Uni\u00e3o (DOU) desta ter\u00e7a-feira, 8, prevendo o retorno das aulas presenciais nas institui\u00e7\u00f5es de ensino superior do sistema federal de ensino a partir de 1\u00ba de mar\u00e7o de 2021.<\/p>\n<p>No documento, a institui\u00e7\u00e3o se posiciona contrariamente ao retorno das aulas sem que estejam asseguradas as condi\u00e7\u00f5es de biosseguran\u00e7a para proteger a sa\u00fade de servidores e estudantes.<\/p>\n<p>O IFMS informa ainda que manter\u00e1 as aulas n\u00e3o presenciais para os estudantes e o trabalho remoto para os servidores, com exce\u00e7\u00e3o de casos espec\u00edficos nos quais n\u00e3o seja poss\u00edvel a execu\u00e7\u00e3o das atividades \u00e0 dist\u00e2ncia, seguindo as\u00a0<a href=\"http:\/\/www.ifms.edu.br:9000\/lists\/lt.php?tid=KxkBA1VaVFRVU0sGUlZVTlAGU1JOWA0MDxsPVAcKUAdSXQRWAAAfA1QEAlZVVgNOU1dRAU4ND10HGwEHCgtPB1RdBQIHXlFSBQAEH1ICAwYCUlcDTghaXAYbDFZQBk8JVlZUH1AKVgBWAgNWVAIABw\" target=\"_blank\" rel=\"noopener noreferrer\">Diretrizes para Atividades Presenciais durante a Pandemia<\/a>, elaboradas pela institui\u00e7\u00e3o.<\/p>\n<p>A nota emitida pelo IFMS explica ainda que qualquer medida para o retorno das aulas s\u00f3 ser\u00e1 tomada ap\u00f3s orienta\u00e7\u00e3o da Comiss\u00e3o de Organiza\u00e7\u00e3o de Campanhas de Conscientiza\u00e7\u00e3o dos Riscos e Medidas de Preven\u00e7\u00e3o ao Coronav\u00edrus (Covid 19).<\/p>\n<p>Criada em mar\u00e7o deste ano, a Comiss\u00e3o \u00e9 formada por servidores da \u00e1rea de sa\u00fade e de setores estrat\u00e9gicos da institui\u00e7\u00e3o e tem como principal atribui\u00e7\u00e3o analisar o quadro de pandemia no Estado, e nos munic\u00edpios em que o IFMS atua, para orientar a institui\u00e7\u00e3o na tomada de decis\u00f5es relacionadas \u00e0s atividades de ensino e administrativas, no que tange as medidas de prote\u00e7\u00e3o \u00e0 comunidade.<\/p>\n<p>A \u00faltima decis\u00e3o do IFMS, publicada em 30 de setembro de 2020, definiu que as aulas te\u00f3ricas continuam sendo ministradas de forma n\u00e3o presencial at\u00e9 31 de dezembro de 2020, e que os campi t\u00eam autonomia para iniciar retomada de aulas pr\u00e1ticas de laborat\u00f3rio e de atividades administrativas de forma gradual, conforme necessidades espec\u00edficas, e respeitadas as normas de biosseguran\u00e7a definidas previamente.<\/p>\n<p>\u201cA portaria do MEC, neste momento, n\u00e3o leva em considera\u00e7\u00e3o a situa\u00e7\u00e3o de pandemia em nosso Estado, com aumento do n\u00famero de casos e de mortes. A decis\u00e3o do minist\u00e9rio est\u00e1 desconectada do que a comunidade realmente precisa e, acredito, ser\u00e1 modificada\u201d, afirmou a reitora do IFMS, Elaine Cassiano.<\/p>\n<p>Leia a integra da\u00a0<a href=\"http:\/\/www.ifms.edu.br:9000\/lists\/lt.php?tid=KxkEUwZZBgZRA0tbVQVUTlAEVFpOAA8IBhtdVQYBUVBTAQdWUgEfA1QEAlZVVgNOU1dRAU4ND10HGwEHCgtPB1RdBQIHXlFSBQAEH1ICAwYCUlcDTghaXAYbDFZQBk8JVlZUH1AKVgBWAgNWVAIABw\" target=\"_blank\" rel=\"noopener noreferrer\">nota divulgada pela institui\u00e7\u00e3o<\/a>.<\/p>\n<p><strong>Covid-19 &#8211;<\/strong>\u00a0As a\u00e7\u00f5es do Instituto Federal, as formas de preven\u00e7\u00e3o \u00e0 Covid-19, os documentos institucionais referentes \u00e0 situa\u00e7\u00e3o e a outras informa\u00e7\u00f5es sobre a pandemia est\u00e3o dispon\u00edveis na p\u00e1gina\u00a0<a href=\"http:\/\/www.ifms.edu.br:9000\/lists\/lt.php?tid=KxkAC1BdAQdQVUtVUQIDTlAHV1BOWwsABxteXwoLBghTAAdWAVsfA1QEAlZVVgNOU1dRAU4ND10HGwEHCgtPB1RdBQIHXlFSBQAEH1ICAwYCUlcDTghaXAYbDFZQBk8JVlZUH1AKVgBWAgNWVAIABw\" target=\"_blank\" rel=\"noopener noreferrer\">IFMS contra o coronav\u00edrus<\/a>.<\/p>\n<p>Al\u00e9m de podcasts com dicas de como lidar com o isolamento e o trabalho remoto, tamb\u00e9m est\u00e3o dispon\u00edveis as formas de contato e os hor\u00e1rios de atendimento dos campi e da reitoria durante o per\u00edodo de atividades n\u00e3o presenciais.<\/p>\n","protected":false},"excerpt":{"rendered":"<p>O Instituto Federal de Mato Grosso do Sul (IFMS) emitiu nota oficial sobre a Portaria&#8230;<\/p>\n","protected":false},"author":9,"featured_media":0,"comment_status":"closed","ping_status":"closed","sticky":false,"template":"","format":"standard","meta":{"footnotes":""},"categories":[10],"tags":[],"class_list":["post-11710592","post","type-post","status-publish","format-standard","hentry","category-educacao"],"_links":{"self":[{"href":"https:\/\/www.corumbaonline.com.br\/news\/wp-json\/wp\/v2\/posts\/11710592","targetHints":{"allow":["GET"]}}],"collection":[{"href":"https:\/\/www.corumbaonline.com.br\/news\/wp-json\/wp\/v2\/posts"}],"about":[{"href":"https:\/\/www.corumbaonline.com.br\/news\/wp-json\/wp\/v2\/types\/post"}],"author":[{"embeddable":true,"href":"https:\/\/www.corumbaonline.com.br\/news\/wp-json\/wp\/v2\/users\/9"}],"replies":[{"embeddable":true,"href":"https:\/\/www.corumbaonline.com.br\/news\/wp-json\/wp\/v2\/comments?post=11710592"}],"version-history":[{"count":1,"href":"https:\/\/www.corumbaonline.com.br\/news\/wp-json\/wp\/v2\/posts\/11710592\/revisions"}],"predecessor-version":[{"id":11710593,"href":"https:\/\/www.corumbaonline.com.br\/news\/wp-json\/wp\/v2\/posts\/11710592\/revisions\/11710593"}],"wp:attachment":[{"href":"https:\/\/www.corumbaonline.com.br\/news\/wp-json\/wp\/v2\/media?parent=11710592"}],"wp:term":[{"taxonomy":"category","embeddable":true,"href":"https:\/\/www.corumbaonline.com.br\/news\/wp-json\/wp\/v2\/categories?post=11710592"},{"taxonomy":"post_tag","embeddable":true,"href":"https:\/\/www.corumbaonline.com.br\/news\/wp-json\/wp\/v2\/tags?post=11710592"}],"curies":[{"name":"wp","href":"https:\/\/api.w.org\/{rel}","templated":true}]}}