{"id":11710594,"date":"2020-12-09T08:47:00","date_gmt":"2020-12-09T12:47:00","guid":{"rendered":"http:\/\/www.corumbaonline.com.br\/news\/?p=11710594"},"modified":"2020-12-09T09:34:44","modified_gmt":"2020-12-09T13:34:44","slug":"prazo-para-inscricoes-para-o-enem-ppl-encerra-nesta-sexta-feira","status":"publish","type":"post","link":"https:\/\/www.corumbaonline.com.br\/news\/prazo-para-inscricoes-para-o-enem-ppl-encerra-nesta-sexta-feira\/","title":{"rendered":"Prazo para inscri\u00e7\u00f5es para o Enem PPL encerra nesta sexta-feira"},"content":{"rendered":"<p>st\u00e3o abertas as inscri\u00e7\u00f5es para o Exame Nacional do Ensino M\u00e9dio para pessoas privadas de liberdade \u2013 ENEM PPL 2020. A Ag\u00eancia Estadual de Administra\u00e7\u00e3o do Sistema Penitenci\u00e1rio (Agepen) informa que tamb\u00e9m podem se inscrever os custodiados dos regimes aberto e semiaberto.<\/p>\n<p>Os interessados devem procurar as unidades penais para realizarem as inscri\u00e7\u00f5es, que ser\u00e3o gratuitas e\u00a0encerram nesta\u00a0sexta-feira (11.12). As provas ser\u00e3o aplicadas nos dias 23 e 24 de fevereiro de 2021, no per\u00edodo vespertino.<\/p>\n<p>Os apenados do regime fechado interessados no ENEM PPL realizar\u00e3o a inscri\u00e7\u00e3o nas unidades prisionais onde ser\u00e3o aplicadas as provas, por meio do respons\u00e1vel pedag\u00f3gico. A prova tamb\u00e9m \u00e9 aplicada a detentos do pres\u00eddio federal, bem como, a adolescentes que cumprem medidas socioeducativas.<\/p>\n<p>No ano passado, 1.054 custodiados da ag\u00eancia penitenci\u00e1ria se inscreveram para o Enem PPL. As inscri\u00e7\u00f5es ser\u00e3o coordenadas pela Diretoria de Assist\u00eancia Penitenci\u00e1ria da Agepen, por meio da Divis\u00e3o de Educa\u00e7\u00e3o.<\/p>\n<p>Importante destacar que, no munic\u00edpio de Ponta Por\u00e3, as inscri\u00e7\u00f5es e as provas do regime semiaberto e aberto ser\u00e3o feitas no Patronato Penitenci\u00e1rio de Ponta Por\u00e3.<\/p>\n<p>Conforme informa\u00e7\u00f5es do Departamento Penitenci\u00e1rio Nacional (Depen), os estudantes do ensino Fundamental e M\u00e9dio podem realizar o exame apenas \u00e0 t\u00edtulo de experi\u00eancia.<\/p>\n<p>Os resultados do Enem PPL 2020 poder\u00e3o ser utilizados como mecanismo \u00fanico, alternativo ou complementar de acesso \u00e0 educa\u00e7\u00e3o superior, desde que exista ades\u00e3o por parte das institui\u00e7\u00f5es de educa\u00e7\u00e3o superior (IES). A ades\u00e3o n\u00e3o supre a faculdade legal concedida a \u00f3rg\u00e3os p\u00fablicos e a institui\u00e7\u00f5es de ensino de estabelecer regras pr\u00f3prias de processo seletivo para ingresso na educa\u00e7\u00e3o superior.<\/p>\n<p>De acordo com o Instituto Nacional de Estudos e Pesquisas Educacionais An\u00edsio Teixeira (Inep), o Enem PPL pode ser usado para pleitear vagas no ensino superior p\u00fablico pelo Sistema de Sele\u00e7\u00e3o Unificada (Sisu), para concorrer a bolsas no ensino superior privado pelo Programa Universidade para Todos (ProUni), para obter financiamento pelo Fundo de Financiamento Estudantil (Fies) e Sistema de Sele\u00e7\u00e3o Unificada do Ensino Profissional e Tecnol\u00f3gico (Sisutec).<\/p>\n","protected":false},"excerpt":{"rendered":"<p>st\u00e3o abertas as inscri\u00e7\u00f5es para o Exame Nacional do Ensino M\u00e9dio para pessoas privadas de&#8230;<\/p>\n","protected":false},"author":13,"featured_media":0,"comment_status":"closed","ping_status":"closed","sticky":false,"template":"","format":"standard","meta":{"footnotes":""},"categories":[10],"tags":[],"class_list":["post-11710594","post","type-post","status-publish","format-standard","hentry","category-educacao"],"_links":{"self":[{"href":"https:\/\/www.corumbaonline.com.br\/news\/wp-json\/wp\/v2\/posts\/11710594","targetHints":{"allow":["GET"]}}],"collection":[{"href":"https:\/\/www.corumbaonline.com.br\/news\/wp-json\/wp\/v2\/posts"}],"about":[{"href":"https:\/\/www.corumbaonline.com.br\/news\/wp-json\/wp\/v2\/types\/post"}],"author":[{"embeddable":true,"href":"https:\/\/www.corumbaonline.com.br\/news\/wp-json\/wp\/v2\/users\/13"}],"replies":[{"embeddable":true,"href":"https:\/\/www.corumbaonline.com.br\/news\/wp-json\/wp\/v2\/comments?post=11710594"}],"version-history":[{"count":1,"href":"https:\/\/www.corumbaonline.com.br\/news\/wp-json\/wp\/v2\/posts\/11710594\/revisions"}],"predecessor-version":[{"id":11710595,"href":"https:\/\/www.corumbaonline.com.br\/news\/wp-json\/wp\/v2\/posts\/11710594\/revisions\/11710595"}],"wp:attachment":[{"href":"https:\/\/www.corumbaonline.com.br\/news\/wp-json\/wp\/v2\/media?parent=11710594"}],"wp:term":[{"taxonomy":"category","embeddable":true,"href":"https:\/\/www.corumbaonline.com.br\/news\/wp-json\/wp\/v2\/categories?post=11710594"},{"taxonomy":"post_tag","embeddable":true,"href":"https:\/\/www.corumbaonline.com.br\/news\/wp-json\/wp\/v2\/tags?post=11710594"}],"curies":[{"name":"wp","href":"https:\/\/api.w.org\/{rel}","templated":true}]}}