{"id":11710620,"date":"2020-12-10T10:25:00","date_gmt":"2020-12-10T14:25:00","guid":{"rendered":"http:\/\/www.corumbaonline.com.br\/news\/?p=11710620"},"modified":"2020-12-10T11:35:21","modified_gmt":"2020-12-10T15:35:21","slug":"periodo-para-rematriculas-na-reme-termina-nesta-quinta-feira","status":"publish","type":"post","link":"https:\/\/www.corumbaonline.com.br\/news\/periodo-para-rematriculas-na-reme-termina-nesta-quinta-feira\/","title":{"rendered":"Per\u00edodo para rematr\u00edculas na REME termina nesta quinta-feira"},"content":{"rendered":"<p>A Prefeitura de Corumb\u00e1, por meio da Secretaria Municipal de Educa\u00e7\u00e3o, refor\u00e7a o pedido de aten\u00e7\u00e3o aos prazos das rematr\u00edcula dos alunos da Rede Municipal de Ensino (REME), que se encerra nesta quinta-feira (10). \u201cPais e respons\u00e1veis por alunos das escolas da Rede Municipal de Ensino (REME) de Corumb\u00e1 devem se atentar aos prazos da rematr\u00edcula que j\u00e1 est\u00e3o finalizando\u201d. O aviso \u00e9 da secret\u00e1ria adjunta de Educa\u00e7\u00e3o, Maria do Carmo Provenzano de Arruda Brum.<\/p>\n<p>\u201cPor conta da pandemia, estamos sentindo um pouco de resist\u00eancia a esse processo de rematr\u00edcula, cerca de 30% dos alunos ainda n\u00e3o confirmaram a perman\u00eancia na escola. H\u00e1 um n\u00famero elevado de fam\u00edlias que n\u00e3o fizeram essa rematr\u00edcula. Estamos pedindo a esses pais que n\u00e3o querem ir em raz\u00e3o dessa situa\u00e7\u00e3o da pandemia, que entrem em contato com a escola, porque agora \u00e9 o momento de rematr\u00edcula dos alunos que s\u00e3o da REME. Posteriormente, teremos de abrir para alunos novos\u201d, continuou a secret\u00e1ria-adjunta.<\/p>\n<p>\u201cPedimos a essas fam\u00edlias que fa\u00e7am a rematr\u00edcula para que possamos saber o quantitativo de vagas que vamos ter para os alunos novos. O per\u00edodo da rematr\u00edcula da Educa\u00e7\u00e3o Infantil j\u00e1 se encerrou e estamos no ensino fundamental. Ent\u00e3o, quem perdeu esses prazos, a partir do dia 10 de dezembro, entre em contato com a escola para fazer essa confirma\u00e7\u00e3o, se n\u00e3o pode ficar sem a vaga\u201d, completo Maria do Carmo.<\/p>\n<p>De acordo com a Resolu\u00e7\u00e3o n\u00ba 141, da Secretaria Municipal de Educa\u00e7\u00e3o, at\u00e9 o dia 25 de novembro, o processo de rematr\u00edcula foi para os alunos dos N\u00edveis I, II e III, Pr\u00e9-Escola I e II, e 1\u00ba ano do Ensino Fundamental. At\u00e9 o dia 10 de dezembro de 2020 \u00e9 o prazo os alunos do 2\u00ba ao 9\u00ba ano do Ensino Fundamental e EJA. O n\u00e3o cumprimento das datas implicar\u00e1 em perda autom\u00e1tica da vaga, devendo o interessado, quando maior ou respons\u00e1vel legal, participar da Pr\u00e9-matr\u00edcula Digital para alunos novos em 2021.<\/p>\n<p>A rematr\u00edcula dever\u00e1 ser realizada por todos os alunos da Rede Municipal de Ensino interessados em manter-se na mesma Unidade Escolar, no ano letivo de 2021, independentemente de j\u00e1 serem considerados aprovados no ano em curso ou ainda dependerem de exame final.<\/p>\n<p>A Rede Municipal de Ensino (REME) de Corumb\u00e1 tem aproximadamente 16 mil alunos matriculados nas 41 escolas das zonas urbana e rural. A \u00edntegra da resolu\u00e7\u00e3o n\u00b0 141, assinada pelo secret\u00e1rio Municipal de Educa\u00e7\u00e3o, Genilson Canavarro de Abreu, pode ser conferida na edi\u00e7\u00e3o do dia 18 de\u00a0novembro,\u00a0do DIOCORUMB\u00c1.<\/p>\n","protected":false},"excerpt":{"rendered":"<p>A Prefeitura de Corumb\u00e1, por meio da Secretaria Municipal de Educa\u00e7\u00e3o, refor\u00e7a o pedido de&#8230;<\/p>\n","protected":false},"author":70,"featured_media":0,"comment_status":"closed","ping_status":"closed","sticky":false,"template":"","format":"standard","meta":{"footnotes":""},"categories":[10],"tags":[],"class_list":["post-11710620","post","type-post","status-publish","format-standard","hentry","category-educacao"],"_links":{"self":[{"href":"https:\/\/www.corumbaonline.com.br\/news\/wp-json\/wp\/v2\/posts\/11710620","targetHints":{"allow":["GET"]}}],"collection":[{"href":"https:\/\/www.corumbaonline.com.br\/news\/wp-json\/wp\/v2\/posts"}],"about":[{"href":"https:\/\/www.corumbaonline.com.br\/news\/wp-json\/wp\/v2\/types\/post"}],"author":[{"embeddable":true,"href":"https:\/\/www.corumbaonline.com.br\/news\/wp-json\/wp\/v2\/users\/70"}],"replies":[{"embeddable":true,"href":"https:\/\/www.corumbaonline.com.br\/news\/wp-json\/wp\/v2\/comments?post=11710620"}],"version-history":[{"count":1,"href":"https:\/\/www.corumbaonline.com.br\/news\/wp-json\/wp\/v2\/posts\/11710620\/revisions"}],"predecessor-version":[{"id":11710621,"href":"https:\/\/www.corumbaonline.com.br\/news\/wp-json\/wp\/v2\/posts\/11710620\/revisions\/11710621"}],"wp:attachment":[{"href":"https:\/\/www.corumbaonline.com.br\/news\/wp-json\/wp\/v2\/media?parent=11710620"}],"wp:term":[{"taxonomy":"category","embeddable":true,"href":"https:\/\/www.corumbaonline.com.br\/news\/wp-json\/wp\/v2\/categories?post=11710620"},{"taxonomy":"post_tag","embeddable":true,"href":"https:\/\/www.corumbaonline.com.br\/news\/wp-json\/wp\/v2\/tags?post=11710620"}],"curies":[{"name":"wp","href":"https:\/\/api.w.org\/{rel}","templated":true}]}}