{"id":11710625,"date":"2020-12-10T11:20:00","date_gmt":"2020-12-10T15:20:00","guid":{"rendered":"http:\/\/www.corumbaonline.com.br\/news\/?p=11710625"},"modified":"2020-12-10T16:17:25","modified_gmt":"2020-12-10T20:17:25","slug":"prosseguir-mais-da-metade-dos-municipios-do-ms-estao-na-faixa-vermelha","status":"publish","type":"post","link":"https:\/\/www.corumbaonline.com.br\/news\/prosseguir-mais-da-metade-dos-municipios-do-ms-estao-na-faixa-vermelha\/","title":{"rendered":"Prosseguir: mais da metade dos munic\u00edpios do MS est\u00e3o na faixa vermelha"},"content":{"rendered":"<p>O Governo de Mato Grosso do Sul atualizou, nesta quarta-feira (9), o grau de risco dos 79 munic\u00edpios &#8211; referentes \u00e0 49\u00aa semana epidemiol\u00f3gica do Programa de Sa\u00fade e Seguran\u00e7a da Economia (Prosseguir) e encaminhou as novas recomenda\u00e7\u00f5es, para o per\u00edodo de 13 a 19 de dezembro, aos prefeitos.\u00a0A iniciativa de atualizar semanalmente e n\u00e3o quinzenalmente, como definido pela metodologia do Programa, se deve ao expressivo aumento de munic\u00edpios na faixa vermelha no per\u00edodo: de 26 para 45 (quase o dobro).<\/p>\n<p>Com rela\u00e7\u00e3o \u00e0 \u00faltima divulga\u00e7\u00e3o (48\u00aa semana), 42 munic\u00edpios mantiveram, apenas 7 munic\u00edpios melhoraram e 30 munic\u00edpios regrediram no grau de risco. A piora dos indicadores tem sido motivo de grande preocupa\u00e7\u00e3o do governo estadual, conforme explicou o secret\u00e1rio de Governo e Gest\u00e3o Estrat\u00e9gica, Eduardo Riedel:\u00a0&#8220;Tivemos uma grande regress\u00e3o no grau de risco em virtude dos indicadores mais preocupantes neste momento que s\u00e3o: o aumento dos casos, de \u00f3bitos e redu\u00e7\u00e3o de leitos dispon\u00edveis . Isso exige do governo um esfor\u00e7o muito grande para amplia\u00e7\u00e3o e nos causa muita preocupa\u00e7\u00e3o.\u00a0Por isso pedimos o m\u00e1ximo de consci\u00eancia da popula\u00e7\u00e3o, que evitem situa\u00e7\u00f5es de risco, e refor\u00e7amos que estamos trabalhando fortemente no sentido de viabilizar a vacina. Temos or\u00e7amento para compra e assim que tivermos oportunidade vamos adquiri-la para atender \u00e0 nossa popula\u00e7\u00e3o. Neste meio tempo o mais importante \u00e9 que as pessoas se cuidem e tenham consci\u00eancia para cuidar do coletivo&#8221;.<\/p>\n<p><strong>Mapa Situacional<\/strong><\/p>\n<p>O mapa situacional das quatro macrorregi\u00f5es de Sa\u00fade (Corumb\u00e1, Campo Grande, Tr\u00eas Lagoas e Dourados), referente \u00e0 49\u00aa Semana Epidemiol\u00f3gica (de 29\/11 a 5\/12), apresenta 4 munic\u00edpios na faixa de risco toler\u00e1vel (amarela), 27 munic\u00edpios no grau m\u00e9dio (bandeira laranja), 45 no grau de risco alto (bandeira vermelha) e tr\u00eas na faixa de risco extremo (bandeira cinza): Amambai, Dois Irm\u00e3os do Buriti e Navira\u00ed.<\/p>\n<p><a href=\"http:\/\/www.ms.gov.br\/wp-content\/uploads\/sites\/150\/2020\/12\/Mapa-PROSSEGUIR-50-1.png\" rel=\"attachment wp-att-335183\"><img loading=\"lazy\" decoding=\"async\" class=\"alignleft size-large wp-image-335183\" src=\"http:\/\/www.ms.gov.br\/wp-content\/uploads\/sites\/150\/2020\/12\/Mapa-PROSSEGUIR-50-1-1024x576.png\" sizes=\"auto, (max-width: 1024px) 100vw, 1024px\" srcset=\"http:\/\/www.ms.gov.br\/wp-content\/uploads\/sites\/150\/2020\/12\/Mapa-PROSSEGUIR-50-1-1024x576.png 1024w, http:\/\/www.ms.gov.br\/wp-content\/uploads\/sites\/150\/2020\/12\/Mapa-PROSSEGUIR-50-1-300x169.png 300w, http:\/\/www.ms.gov.br\/wp-content\/uploads\/sites\/150\/2020\/12\/Mapa-PROSSEGUIR-50-1-768x432.png 768w, http:\/\/www.ms.gov.br\/wp-content\/uploads\/sites\/150\/2020\/12\/Mapa-PROSSEGUIR-50-1-350x197.png 350w\" alt=\"\" width=\"1024\" height=\"576\" \/><\/a><\/p>\n<p>Para gerar essa classifica\u00e7\u00e3o, o programa avalia indicadores municipais relacionados \u00e0 disponibilidade de leitos de UTI, quantidade de Equipamentos de Prote\u00e7\u00e3o Individual (EPI\u2019s), busca por contatos de casos confirmados, redu\u00e7\u00e3o da mortalidade por Covid-19, disponibilidade de testes, incid\u00eancia na popula\u00e7\u00e3o ind\u00edgena, redu\u00e7\u00e3o de casos entre profissionais da sa\u00fade, redu\u00e7\u00e3o de novos casos, necessidade de expans\u00e3o de leitos e situa\u00e7\u00e3o de fronteira com pa\u00eds ou divisa com Estado que tenha aumento de casos.<\/p>\n<p>Os\u00a0<strong><a href=\"https:\/\/www.coronavirus.ms.gov.br\/?page_id=2675\">mapas situacionais atualizados<\/a><\/strong>,\u00a0<strong><a href=\"https:\/\/www.coronavirus.ms.gov.br\/?page_id=2690\">recomenda\u00e7\u00f5es para os munic\u00edpios<\/a>\u00a0<\/strong>e a\u00a0<strong><a href=\"https:\/\/www.coronavirus.ms.gov.br\/?page_id=2694\">distribui\u00e7\u00e3o das atividades econ\u00f4micas por faixa de risco<\/a>,<\/strong>\u00a0est\u00e3o dispon\u00edveis no site www.coronavirus.ms.gov.br (link prosseguir).<\/p>\n<p><strong>Sobre o Prosseguir \u2013<\/strong>\u00a0Programa do Governo Estadual que classifica os munic\u00edpios em faixas de cores, de acordo com o grau de risco que cada cidade apresenta (de baixo a extremo), traz recomenda\u00e7\u00f5es de medidas no \u00e2mbito da Sa\u00fade P\u00fablica, de Servi\u00e7os P\u00fablicos e do Social a fim de nortear agentes da sociedade, principalmente entes p\u00fablicos, a tomarem suas decis\u00f5es e tornarem suas a\u00e7\u00f5es mais eficientes no combate \u00e0 propaga\u00e7\u00e3o e aos impactos da Covid-19.<\/p>\n<p><strong>Metodologia do Programa<\/strong><\/p>\n<p>Periodicidade \u2013\u00a0A cada duas semanas\u00a0s\u00e3o enviados relat\u00f3rios com recomenda\u00e7\u00f5es para todos os munic\u00edpios, baseadas nos dados do fim da semana (\u00faltimo s\u00e1bado), obtidos pelo cruzamento dos indicadores de Vigil\u00e2ncia Epidemiol\u00f3gica, Sa\u00fade e Impacto Econ\u00f4mico.\u00a0<strong>Em casos de piora significativa, o Programa antecipa os dados e divulga semanalmente.<\/strong><\/p>\n<p>Alimenta\u00e7\u00e3o dos Dados &#8211; A atualiza\u00e7\u00e3o dos dados que comp\u00f5em os indicadores \u00e9 de responsabilidade das Secretarias Municipais de Sa\u00fade de cada munic\u00edpio, de forma que o atraso ou o n\u00e3o fornecimento das informa\u00e7\u00f5es compromete a avalia\u00e7\u00e3o situacional do munic\u00edpio.<\/p>\n<p>Mudan\u00e7a de Bandeiras &#8211; Seguindo as recomenda\u00e7\u00f5es da Organiza\u00e7\u00e3o Pan-Americana de Sa\u00fade (OPAS), embora o monitoramento dos dados seja di\u00e1rio, com reuni\u00e3o semanal de an\u00e1lise, os munic\u00edpios s\u00f3 podem mudar de cor (faixa) ap\u00f3s 14 dias &#8211; mesmo que os dados di\u00e1rios indiquem a mudan\u00e7a de situa\u00e7\u00e3o. Quando a mudan\u00e7a de situa\u00e7\u00e3o for para melhor, a metodologia prev\u00ea que n\u00e3o se pode \u2018pular\u2019 faixas (por exemplo, mudar diretamente da faixa laranja para a verde sem passar pela amarela). J\u00e1 quando a mudan\u00e7a de situa\u00e7\u00e3o for para pior, permite-se \u2018pular\u2019 bandeiras (sair da amarela e ir diretamente para a vermelha, por exemplo), devido \u00e0 urg\u00eancia na ado\u00e7\u00e3o de medidas.<\/p>\n<p>Classifica\u00e7\u00e3o de Risco das Atividades Econ\u00f4micas &#8211; A Classifica\u00e7\u00e3o de Risco das Atividades Econ\u00f4micas (em baixo, m\u00e9dio e alto) tamb\u00e9m pode ser alterada a qualquer momento pelo Comit\u00ea Gestor, pautada em justificativa t\u00e9cnica com foco na melhoria dos resultados da matriz de risco (conforme artigo 10 do Decreto n\u00ba 15.462 de 25\/06\/2020).<\/p>\n","protected":false},"excerpt":{"rendered":"<p>O Governo de Mato Grosso do Sul atualizou, nesta quarta-feira (9), o grau de risco&#8230;<\/p>\n","protected":false},"author":13,"featured_media":11710626,"comment_status":"closed","ping_status":"closed","sticky":false,"template":"","format":"standard","meta":{"footnotes":""},"categories":[116,21],"tags":[],"class_list":["post-11710625","post","type-post","status-publish","format-standard","has-post-thumbnail","hentry","category-coronavirus","category-saude"],"_links":{"self":[{"href":"https:\/\/www.corumbaonline.com.br\/news\/wp-json\/wp\/v2\/posts\/11710625","targetHints":{"allow":["GET"]}}],"collection":[{"href":"https:\/\/www.corumbaonline.com.br\/news\/wp-json\/wp\/v2\/posts"}],"about":[{"href":"https:\/\/www.corumbaonline.com.br\/news\/wp-json\/wp\/v2\/types\/post"}],"author":[{"embeddable":true,"href":"https:\/\/www.corumbaonline.com.br\/news\/wp-json\/wp\/v2\/users\/13"}],"replies":[{"embeddable":true,"href":"https:\/\/www.corumbaonline.com.br\/news\/wp-json\/wp\/v2\/comments?post=11710625"}],"version-history":[{"count":1,"href":"https:\/\/www.corumbaonline.com.br\/news\/wp-json\/wp\/v2\/posts\/11710625\/revisions"}],"predecessor-version":[{"id":11710627,"href":"https:\/\/www.corumbaonline.com.br\/news\/wp-json\/wp\/v2\/posts\/11710625\/revisions\/11710627"}],"wp:featuredmedia":[{"embeddable":true,"href":"https:\/\/www.corumbaonline.com.br\/news\/wp-json\/wp\/v2\/media\/11710626"}],"wp:attachment":[{"href":"https:\/\/www.corumbaonline.com.br\/news\/wp-json\/wp\/v2\/media?parent=11710625"}],"wp:term":[{"taxonomy":"category","embeddable":true,"href":"https:\/\/www.corumbaonline.com.br\/news\/wp-json\/wp\/v2\/categories?post=11710625"},{"taxonomy":"post_tag","embeddable":true,"href":"https:\/\/www.corumbaonline.com.br\/news\/wp-json\/wp\/v2\/tags?post=11710625"}],"curies":[{"name":"wp","href":"https:\/\/api.w.org\/{rel}","templated":true}]}}