{"id":11710628,"date":"2020-12-10T11:33:00","date_gmt":"2020-12-10T15:33:00","guid":{"rendered":"http:\/\/www.corumbaonline.com.br\/news\/?p=11710628"},"modified":"2020-12-10T16:20:13","modified_gmt":"2020-12-10T20:20:13","slug":"ms-confirma-primeiro-caso-de-reinfeccao-por-covid-19-no-pais","status":"publish","type":"post","link":"https:\/\/www.corumbaonline.com.br\/news\/ms-confirma-primeiro-caso-de-reinfeccao-por-covid-19-no-pais\/","title":{"rendered":"MS confirma primeiro caso de reinfec\u00e7\u00e3o por covid-19 no pa\u00eds"},"content":{"rendered":"<p>O Minist\u00e9rio da Sa\u00fade (MS) confirmou hoje (10) o primeiro caso de reinfec\u00e7\u00e3o por covid-19. Segundo a pasta, o diagn\u00f3stico ocorreu em uma profissional da \u00e1rea de sa\u00fade, de 37 anos, residente em Natal. Ela teve a doen\u00e7a em junho, se curou e teve o resultado positivo novamente diagnosticado em outubro, 116 dias ap\u00f3s o primeiro diagn\u00f3stico.<img decoding=\"async\" src=\"https:\/\/agenciabrasil.ebc.com.br\/ebc.png?id=1396057&amp;o=node\" \/><img decoding=\"async\" src=\"https:\/\/agenciabrasil.ebc.com.br\/ebc.gif?id=1396057&amp;o=node\" \/><\/p>\n<p>Em nota, o MS disse que recebeu, no \u00faltimo dia 9, um relat\u00f3rio do Laborat\u00f3rio de V\u00edrus Respirat\u00f3rios e do Sarampo da Fiocruz\/RJ, refer\u00eancia nacional para a covid-19 no Brasil, com os resultados laboratoriais de duas amostras cl\u00ednicas de, at\u00e9 ent\u00e3o, um caso suspeito de reinfec\u00e7\u00e3o da doen\u00e7a pelo coronav\u00edrus.<\/p>\n<p>Ap\u00f3s an\u00e1lise das duas amostras enviadas ao laborat\u00f3rio houve a confirma\u00e7\u00e3o dos resultados via metodologia de RT-PCR em tempo real.<\/p>\n<p>\u201cAs an\u00e1lises realizadas permitem confirmar a reinfec\u00e7\u00e3o pelo v\u00edrus SARS-CoV-2, ap\u00f3s sequenciamento do genoma completo viral que identificou duas linhagens distintas&#8221;, disse o MS por meio de nota.<\/p>\n<p>O minist\u00e9rio disse ainda que o resultado refor\u00e7a a necessidade da ado\u00e7\u00e3o do uso cont\u00ednuo de m\u00e1scaras, higieniza\u00e7\u00e3o constante das m\u00e3os e o uso de \u00e1lcool em gel.<\/p>\n","protected":false},"excerpt":{"rendered":"<p>O Minist\u00e9rio da Sa\u00fade (MS) confirmou hoje (10) o primeiro caso de reinfec\u00e7\u00e3o por covid-19&#8230;.<\/p>\n","protected":false},"author":4,"featured_media":0,"comment_status":"closed","ping_status":"closed","sticky":false,"template":"","format":"standard","meta":{"footnotes":""},"categories":[116,21],"tags":[],"class_list":["post-11710628","post","type-post","status-publish","format-standard","hentry","category-coronavirus","category-saude"],"_links":{"self":[{"href":"https:\/\/www.corumbaonline.com.br\/news\/wp-json\/wp\/v2\/posts\/11710628","targetHints":{"allow":["GET"]}}],"collection":[{"href":"https:\/\/www.corumbaonline.com.br\/news\/wp-json\/wp\/v2\/posts"}],"about":[{"href":"https:\/\/www.corumbaonline.com.br\/news\/wp-json\/wp\/v2\/types\/post"}],"author":[{"embeddable":true,"href":"https:\/\/www.corumbaonline.com.br\/news\/wp-json\/wp\/v2\/users\/4"}],"replies":[{"embeddable":true,"href":"https:\/\/www.corumbaonline.com.br\/news\/wp-json\/wp\/v2\/comments?post=11710628"}],"version-history":[{"count":1,"href":"https:\/\/www.corumbaonline.com.br\/news\/wp-json\/wp\/v2\/posts\/11710628\/revisions"}],"predecessor-version":[{"id":11710629,"href":"https:\/\/www.corumbaonline.com.br\/news\/wp-json\/wp\/v2\/posts\/11710628\/revisions\/11710629"}],"wp:attachment":[{"href":"https:\/\/www.corumbaonline.com.br\/news\/wp-json\/wp\/v2\/media?parent=11710628"}],"wp:term":[{"taxonomy":"category","embeddable":true,"href":"https:\/\/www.corumbaonline.com.br\/news\/wp-json\/wp\/v2\/categories?post=11710628"},{"taxonomy":"post_tag","embeddable":true,"href":"https:\/\/www.corumbaonline.com.br\/news\/wp-json\/wp\/v2\/tags?post=11710628"}],"curies":[{"name":"wp","href":"https:\/\/api.w.org\/{rel}","templated":true}]}}