{"id":11710666,"date":"2020-12-11T13:02:00","date_gmt":"2020-12-11T17:02:00","guid":{"rendered":"http:\/\/www.corumbaonline.com.br\/news\/?p=11710666"},"modified":"2020-12-11T13:48:07","modified_gmt":"2020-12-11T17:48:07","slug":"ifms-abre-1-240-vagas-em-qualificacao-profissional-a-distancia","status":"publish","type":"post","link":"https:\/\/www.corumbaonline.com.br\/news\/ifms-abre-1-240-vagas-em-qualificacao-profissional-a-distancia\/","title":{"rendered":"IFMS abre 1.240 vagas em qualifica\u00e7\u00e3o profissional a dist\u00e2ncia"},"content":{"rendered":"<p>O Instituto Federal de Mato Grosso do Sul (IFMS) abriu na sexta-feira, 11, processo seletivo para ingresso em cursos de qualifica\u00e7\u00e3o profissional a dist\u00e2ncia. Os cursos ser\u00e3o oferecidos na modalidade Forma\u00e7\u00e3o Inicial e Continuada (FIC), a partir do primeiro semestre de 2021, em 14 munic\u00edpios.<\/p>\n<p>S\u00e3o ofertadas 1.240 vagas para os cursos de\u00a0Espanhol B\u00e1sico I e II,\u00a0Ingl\u00eas B\u00e1sico I e II,\u00a0Operador de Computador e\u00a0Vendedor\u00a0distribu\u00eddas nos munic\u00edpios de\u00a0\u00c1gua Clara,\u00a0Aquidauana,\u00a0Camapu\u00e3,\u00a0Campo Grande,\u00a0Corumb\u00e1,\u00a0Costa Rica,\u00a0Coxim,\u00a0Dourados,\u00a0Navira\u00ed,\u00a0Nova Andradina,\u00a0Pedro Gomes,\u00a0Ponta Por\u00e3,\u00a0Sonora e\u00a0Tr\u00eas Lagoas.<\/p>\n<p>No IFMS, os cursos de qualifica\u00e7\u00e3o profissional a dist\u00e2ncia t\u00eam dura\u00e7\u00e3o que varia de tr\u00eas a cinco meses, e os estudantes participam de encontros presenciais semanais.<\/p>\n<p>O quadro completo de vagas, com a escolaridade e a idade m\u00ednimas exigidas para o curso escolhido,\u00a0o cronograma e as regras do processo seletivo est\u00e3o dispon\u00edveis no\u00a0edital de abertura, publicado na\u00a0<a class=\"x_external-link\" href=\"http:\/\/www.ifms.edu.br:9000\/lists\/lt.php?tid=KxlWUQFeAVYAUktaUVNSTlBSVAZOAVoMBBsJUgcDVQZSBFAFUlofBFdQUVtUWQdOUVxQV04NCA9QGwBeVgBPAFoABVdTW1tUBVMCH1ICAwYCUlcDTghaXAYbDFZQBk8JVlZUH1AKVgBWAgNWVAIABw\" target=\"_blank\" rel=\"noopener noreferrer\">Central de Sele\u00e7\u00e3o do IFMS<\/a>.<\/p>\n<p><strong>Inscri\u00e7\u00f5es<\/strong>\u00a0&#8211;\u00a0Ser\u00e3o gratuitas e dever\u00e3o ser feitas entre os dias 16 de dezembro e 27 de janeiro, na Central de Sele\u00e7\u00e3o.<\/p>\n<p>No ato da inscri\u00e7\u00e3o, o candidato dever\u00e1 informar o n\u00famero do Cadastro de Pessoa F\u00edsica (CPF) em seu nome e escolher uma das op\u00e7\u00f5es de cursos oferecidos pelo IFMS no edital.<\/p>\n<p>Os candidatos que n\u00e3o t\u00eam acesso \u00e0 internet poder\u00e3o fazer a inscri\u00e7\u00e3o nos endere\u00e7os e hor\u00e1rios informados no\u00a0<a class=\"x_external-link\" href=\"http:\/\/www.ifms.edu.br:9000\/lists\/lt.php?tid=KxkHVlEKAQMBUEsFUQQATlBUVFBOWwALUxtZUVBXVggFUFYBUwwfBFdQUVtUWQdOUVxQV04NCA9QGwBeVgBPAFoABVdTW1tUBVMCH1ICAwYCUlcDTghaXAYbDFZQBk8JVlZUH1AKVgBWAgNWVAIABw\" target=\"_blank\" rel=\"noopener noreferrer\">anexo III do edital de abertura do processo seletivo<\/a>, de segunda a sexta-feira, exceto em recessos e feriados.<\/p>\n<p><strong>Sele\u00e7\u00e3o<\/strong>\u00a0&#8211; Os inscritos ser\u00e3o selecionados e classificados por sorteio eletr\u00f4nico, a ser realizado no dia 2 de fevereiro\u00a0sob responsabilidade do\u00a0Centro de Refer\u00eancia em Tecnologias Educacionais e Educa\u00e7\u00e3o a Dist\u00e2ncia do IFMS (Cread).<\/p>\n<p>Cada candidato receber\u00e1 um n\u00famero de participa\u00e7\u00e3o no sorteio.\u00a0A classifica\u00e7\u00e3o ser\u00e1 feita de acordo com a ordem dos n\u00fameros sorteados.<\/p>\n<p>O resultado preliminar do sorteio, com a classifica\u00e7\u00e3o de todos os inscritos, ser\u00e1 publicado no dia 3 de fevereiro. No dia 22 do mesmo m\u00eas, ser\u00e3o divulgadas a classifica\u00e7\u00e3o final do processo seletivo e a primeira chamada.<\/p>\n<p>As matr\u00edculas da primeira chamada dever\u00e3o ser feitas entre os dias 3 e 5 de mar\u00e7o. No dia 12, ser\u00e1 publicada a lista de espera, com previs\u00e3o de matr\u00edculas para o per\u00edodo de 15 a 17 de mar\u00e7o.\u00a0O in\u00edcio das aulas est\u00e1 previsto para o dia 22.<\/p>\n<div class=\"x_documentDescription\">\n<p><strong>Quadro de vagas<\/strong><\/p>\n<table class=\"x_plain\">\n<tbody>\n<tr>\n<td><strong>Campus\/Polo<\/strong><\/td>\n<td><strong>Curso<\/strong><\/td>\n<td><strong>Escolaridade m\u00ednima<\/strong><\/td>\n<td><strong>Encontros Semanais<\/strong><\/td>\n<td><strong>Turno<\/strong><\/td>\n<td><strong>Vagas<\/strong><\/td>\n<\/tr>\n<tr>\n<td rowspan=\"2\">\u00c1gua Clara<\/td>\n<td>Espanhol B\u00e1sico I<\/td>\n<td>Ensino fundamental I completo (5\u00ba ano)<\/td>\n<td>Segunda-feira<\/td>\n<td>Noturno<\/td>\n<td>30<\/td>\n<\/tr>\n<tr>\n<td>Espanhol B\u00e1sico II<\/td>\n<td>Ensino fundamental I completo (5\u00ba ano)<\/td>\n<td>Segunda-feira<\/td>\n<td>Noturno<\/td>\n<td>30<\/td>\n<\/tr>\n<tr>\n<td rowspan=\"2\">Aquidauana<\/td>\n<td>Operador de Computador<\/td>\n<td>Ensino fundamental I completo (5\u00ba ano)<\/td>\n<td>Quarta-feira<\/td>\n<td>Noturno<\/td>\n<td>40<\/td>\n<\/tr>\n<tr>\n<td>Vendedor<\/td>\n<td>Ensino fundamental completo (9\u00ba ano)<\/td>\n<td>Quarta-feira<\/td>\n<td>Noturno<\/td>\n<td>40<\/td>\n<\/tr>\n<tr>\n<td rowspan=\"3\">Camapu\u00e3<\/td>\n<td>Espanhol B\u00e1sico I<\/td>\n<td>Ensino fundamental I completo (5\u00ba ano)<\/td>\n<td>Quinta-feira<\/td>\n<td>Noturno<\/td>\n<td>40<\/td>\n<\/tr>\n<tr>\n<td>Espanhol B\u00e1sico II<\/td>\n<td>Ensino fundamental I completo (5\u00ba ano)<\/td>\n<td>Sexta-feira<\/td>\n<td>Noturno<\/td>\n<td>40<\/td>\n<\/tr>\n<tr>\n<td>Ingl\u00eas B\u00e1sico II<\/td>\n<td>Ensino fundamental completo (9\u00ba ano)<\/td>\n<td>Sexta-feira<\/td>\n<td>Noturno<\/td>\n<td>40<\/td>\n<\/tr>\n<tr>\n<td rowspan=\"6\">Campo Grande<\/td>\n<td>Espanhol B\u00e1sico I<\/td>\n<td>Ensino fundamental I completo (5\u00ba ano)<\/td>\n<td>Ter\u00e7a-feira<\/td>\n<td>Noturno<\/td>\n<td>40<\/td>\n<\/tr>\n<tr>\n<td>Espanhol B\u00e1sico II<\/td>\n<td>Ensino fundamental I completo (5\u00ba ano)<\/td>\n<td>Quarta-feira<\/td>\n<td>Noturno<\/td>\n<td>40<\/td>\n<\/tr>\n<tr>\n<td>Ingl\u00eas B\u00e1sico I<\/td>\n<td>Ensino fundamental completo (9\u00ba ano)<\/td>\n<td>Ter\u00e7a-feira<\/td>\n<td>Noturno<\/td>\n<td>40<\/td>\n<\/tr>\n<tr>\n<td>Ingl\u00eas B\u00e1sico II<\/td>\n<td>Ensino fundamental completo (9\u00ba ano)<\/td>\n<td>Quarta-feira<\/td>\n<td>Noturno<\/td>\n<td>40<\/td>\n<\/tr>\n<tr>\n<td>Operador de Computador<\/td>\n<td>Ensino fundamental I completo (5\u00ba ano)<\/td>\n<td>Segunda-feira<\/td>\n<td>Noturno<\/td>\n<td>40<\/td>\n<\/tr>\n<tr>\n<td>Vendedor<\/td>\n<td>Ensino fundamental completo (9\u00ba ano)<\/td>\n<td>Segunda-feira<\/td>\n<td>Noturno<\/td>\n<td>40<\/td>\n<\/tr>\n<tr>\n<td rowspan=\"2\">Corumb\u00e1<\/td>\n<td>Operador de Computador<\/td>\n<td>Ensino fundamental I completo (5\u00ba ano)<\/td>\n<td>Quarta-feira<\/td>\n<td>Noturno<\/td>\n<td>30<\/td>\n<\/tr>\n<tr>\n<td>Vendedor<\/td>\n<td>Ensino fundamental completo (9\u00ba ano)<\/td>\n<td>Sexta-feira<\/td>\n<td>Vespertino<\/td>\n<td>30<\/td>\n<\/tr>\n<tr>\n<td rowspan=\"3\">Costa Rica<\/td>\n<td>Espanhol B\u00e1sico I<\/td>\n<td>Ensino fundamental I completo (5\u00ba ano)<\/td>\n<td>Ter\u00e7a e quinta-feira<\/td>\n<td>Noturno<\/td>\n<td>40<\/td>\n<\/tr>\n<tr>\n<td>Ingl\u00eas B\u00e1sico I<\/td>\n<td>Ensino fundamental completo (9\u00ba ano)<\/td>\n<td>Ter\u00e7a e quinta-feira<\/td>\n<td>Noturno<\/td>\n<td>40<\/td>\n<\/tr>\n<tr>\n<td>Operador de Computador<\/td>\n<td>Ensino fundamental I completo (5\u00ba ano)<\/td>\n<td>Ter\u00e7a e quinta-feira<\/td>\n<td>Noturno<\/td>\n<td>40<\/td>\n<\/tr>\n<tr>\n<td rowspan=\"2\">Coxim<\/td>\n<td>Operador de Computador<\/td>\n<td>Ensino fundamental I completo (5\u00ba ano)<\/td>\n<td>Ter\u00e7a-feira<\/td>\n<td>Noturno<\/td>\n<td>30<\/td>\n<\/tr>\n<tr>\n<td>Vendedor<\/td>\n<td>Ensino fundamental completo (9\u00ba ano)<\/td>\n<td>Ter\u00e7a-feira<\/td>\n<td>Noturno<\/td>\n<td>40<\/td>\n<\/tr>\n<tr>\n<td rowspan=\"2\">Dourados<\/td>\n<td>Operador de Computador<\/td>\n<td>Ensino fundamental I completo (5\u00ba ano)<\/td>\n<td>Ter\u00e7a-feira<\/td>\n<td>Noturno<\/td>\n<td>40<\/td>\n<\/tr>\n<tr>\n<td>Vendedor<\/td>\n<td>Ensino fundamental completo (9\u00ba ano)<\/td>\n<td>Ter\u00e7a-feira<\/td>\n<td>Noturno<\/td>\n<td>40<\/td>\n<\/tr>\n<tr>\n<td rowspan=\"3\">Navira\u00ed<\/td>\n<td>Ingl\u00eas B\u00e1sico I<\/td>\n<td>Ensino fundamental completo (9\u00ba ano)<\/td>\n<td>Ter\u00e7a-feira<\/td>\n<td>Noturno<\/td>\n<td>40<\/td>\n<\/tr>\n<tr>\n<td>Ingl\u00eas B\u00e1sico II<\/td>\n<td>Ensino fundamental completo (9\u00ba ano)<\/td>\n<td>Ter\u00e7a-feira<\/td>\n<td>Noturno<\/td>\n<td>40<\/td>\n<\/tr>\n<tr>\n<td>Espanhol B\u00e1sico II<\/td>\n<td>Ensino fundamental I completo (5\u00ba ano)<\/td>\n<td>Segunda-feira<\/td>\n<td>Noturno<\/td>\n<td>40<\/td>\n<\/tr>\n<tr>\n<td rowspan=\"2\">Nova Andradina<\/td>\n<td>Ingl\u00eas B\u00e1sico I<\/td>\n<td>Ensino fundamental completo (9\u00ba ano)<\/td>\n<td>Ter\u00e7a-feira<\/td>\n<td>Noturno<\/td>\n<td>40<\/td>\n<\/tr>\n<tr>\n<td>Operador de Computador<\/td>\n<td>Ensino fundamental I completo (5\u00ba ano)<\/td>\n<td>Quinta-feira<\/td>\n<td>Noturno<\/td>\n<td>30<\/td>\n<\/tr>\n<tr>\n<td>Pedro Gomes<\/td>\n<td>Operador de Computador<\/td>\n<td>Ensino fundamental I completo (5\u00ba ano)<\/td>\n<td>Quarta-feira<\/td>\n<td>Noturno<\/td>\n<td>40<\/td>\n<\/tr>\n<tr>\n<td rowspan=\"2\">Ponta Por\u00e3<\/td>\n<td>Operador de Computador<\/td>\n<td>Ensino fundamental I completo (5\u00ba ano)<\/td>\n<td>Quarta-feira<\/td>\n<td>Noturno<\/td>\n<td>40<\/td>\n<\/tr>\n<tr>\n<td>Vendedor<\/td>\n<td>Ensino fundamental completo (9\u00ba ano)<\/td>\n<td>Ter\u00e7a ou quinta-feira<\/td>\n<td>Noturno<\/td>\n<td>60<\/td>\n<\/tr>\n<tr>\n<td>Sonora<\/td>\n<td>Ingl\u00eas B\u00e1sico I<\/td>\n<td>Ensino fundamental completo (9\u00ba ano)<\/td>\n<td>Ter\u00e7a-feira<\/td>\n<td>Noturno<\/td>\n<td>40<\/td>\n<\/tr>\n<tr>\n<td>Tr\u00eas Lagoas<\/td>\n<td>Vendedor<\/td>\n<td>Ensino fundamental completo (9\u00b0 ano)<\/td>\n<td>Quinta-feira<\/td>\n<td>Noturno<\/td>\n<td>40<\/td>\n<\/tr>\n<\/tbody>\n<\/table>\n<\/div>\n<div class=\"x_documentDescription\"><\/div>\n","protected":false},"excerpt":{"rendered":"<p>O Instituto Federal de Mato Grosso do Sul (IFMS) abriu na sexta-feira, 11, processo seletivo&#8230;<\/p>\n","protected":false},"author":20,"featured_media":0,"comment_status":"closed","ping_status":"closed","sticky":false,"template":"","format":"standard","meta":{"footnotes":""},"categories":[10],"tags":[],"class_list":["post-11710666","post","type-post","status-publish","format-standard","hentry","category-educacao"],"_links":{"self":[{"href":"https:\/\/www.corumbaonline.com.br\/news\/wp-json\/wp\/v2\/posts\/11710666","targetHints":{"allow":["GET"]}}],"collection":[{"href":"https:\/\/www.corumbaonline.com.br\/news\/wp-json\/wp\/v2\/posts"}],"about":[{"href":"https:\/\/www.corumbaonline.com.br\/news\/wp-json\/wp\/v2\/types\/post"}],"author":[{"embeddable":true,"href":"https:\/\/www.corumbaonline.com.br\/news\/wp-json\/wp\/v2\/users\/20"}],"replies":[{"embeddable":true,"href":"https:\/\/www.corumbaonline.com.br\/news\/wp-json\/wp\/v2\/comments?post=11710666"}],"version-history":[{"count":1,"href":"https:\/\/www.corumbaonline.com.br\/news\/wp-json\/wp\/v2\/posts\/11710666\/revisions"}],"predecessor-version":[{"id":11710667,"href":"https:\/\/www.corumbaonline.com.br\/news\/wp-json\/wp\/v2\/posts\/11710666\/revisions\/11710667"}],"wp:attachment":[{"href":"https:\/\/www.corumbaonline.com.br\/news\/wp-json\/wp\/v2\/media?parent=11710666"}],"wp:term":[{"taxonomy":"category","embeddable":true,"href":"https:\/\/www.corumbaonline.com.br\/news\/wp-json\/wp\/v2\/categories?post=11710666"},{"taxonomy":"post_tag","embeddable":true,"href":"https:\/\/www.corumbaonline.com.br\/news\/wp-json\/wp\/v2\/tags?post=11710666"}],"curies":[{"name":"wp","href":"https:\/\/api.w.org\/{rel}","templated":true}]}}