{"id":11710684,"date":"2020-12-14T17:20:00","date_gmt":"2020-12-14T21:20:00","guid":{"rendered":"http:\/\/www.corumbaonline.com.br\/news\/?p=11710684"},"modified":"2020-12-14T17:58:25","modified_gmt":"2020-12-14T21:58:25","slug":"programa-social-povo-das-aguas-atende-ribeirinhos-da-regiao-do-taquari","status":"publish","type":"post","link":"https:\/\/www.corumbaonline.com.br\/news\/programa-social-povo-das-aguas-atende-ribeirinhos-da-regiao-do-taquari\/","title":{"rendered":"Programa Social Povo das \u00c1guas atende ribeirinhos da regi\u00e3o do Taquari"},"content":{"rendered":"<p>Mantido pela Prefeitura de Corumb\u00e1, o Programa Social Povo das \u00c1guas est\u00e1 atendendo as fam\u00edlias residentes na regi\u00e3o do Taquari. Nesta segunda-feira, dia 14, os profissionais do Munic\u00edpio v\u00e3o assistir os ribeirinhos do Rio Negro, das 8h \u00e0s 12 horas, na casa do senhor Jo\u00e3o Banana.<\/p>\n<p>No dia 15, ter\u00e7a-feira, o atendimento chega aos moradores do Corix\u00e3o e Cedrinho, das 8h \u00e0s 12 horas. Os trabalhos ser\u00e3o concentrados na casa do senhor Elp\u00eddio. Na quarta-feira, 16, os servidores da Prefeitura estar\u00e3o na Escola Municipal Sebasti\u00e3o Rolon, das 10h \u00e0s 14 horas, atendendo as fam\u00edlias da Col\u00f4nia do Bracinho.<\/p>\n<p>Na quinta-feira, 17, \u00e9 a vez da Col\u00f4nia S\u00e3o Domingos receber a comitiva municipal na sede da Escola Municipal Santa Aur\u00e9lia, das 8h \u00e0s 12 horas. Fechando a a\u00e7\u00e3o, os ribeirinhos da Col\u00f4nia do Cedro e Lim\u00e3ozinho ser\u00e3o assistidos na Escola Municipal Nazar\u00e9, tamb\u00e9m no per\u00edodo das 8h \u00e0s 12 horas.<\/p>\n<p>O prefeito Marcelo Iunes e a secret\u00e1ria Especial de Cidadania e Pol\u00edticas P\u00fablicas, Amanda Balancieri Iunes, acompanharam parte da \u00faltima a\u00e7\u00e3o, realizada no come\u00e7o deste m~es no Baixo Pantanal.<\/p>\n<p>Antes feito pelo Rio Taquari, a viagem at\u00e9 essas comunidades agora \u00e9 todo realizado por via terrestre. O embarque da equipe da Prefeitura acontece na madrugada do s\u00e1bado, dia 12, \u00e0s 4h30, na Secretaria Especial de Cidadania e Pol\u00edticas P\u00fablicas, coordenadora geral do Programa Social.<\/p>\n<p>No domingo, 13, os servidores da Prefeitura far\u00e3o a organiza\u00e7\u00e3o dos materiais e a distribui\u00e7\u00e3o at\u00e9 os postos de atendimento. Um r\u00edgido plano de biosseguran\u00e7a \u00e9 seguido por toda equipe, para evitar a prolifera\u00e7\u00e3o da Covid-19 nas \u00e1reas ribeirinhas. At\u00e9 as cestas b\u00e1sicas e materiais de higiene s\u00e3o desinfetados antes de distribu\u00eddos.<\/p>\n<p>O Programa Social Povo das \u00c1guas re\u00fane servidores da Secretaria Especial de Cidadania e Pol\u00edticas P\u00fablicas, Sa\u00fade, Assist\u00eancia Social, Educa\u00e7\u00e3o, Governo e Defesa Civil.<\/p>\n","protected":false},"excerpt":{"rendered":"<p>Mantido pela Prefeitura de Corumb\u00e1, o Programa Social Povo das \u00c1guas est\u00e1 atendendo as fam\u00edlias&#8230;<\/p>\n","protected":false},"author":70,"featured_media":11710685,"comment_status":"closed","ping_status":"closed","sticky":false,"template":"","format":"standard","meta":{"footnotes":""},"categories":[14],"tags":[],"class_list":["post-11710684","post","type-post","status-publish","format-standard","has-post-thumbnail","hentry","category-geral"],"_links":{"self":[{"href":"https:\/\/www.corumbaonline.com.br\/news\/wp-json\/wp\/v2\/posts\/11710684","targetHints":{"allow":["GET"]}}],"collection":[{"href":"https:\/\/www.corumbaonline.com.br\/news\/wp-json\/wp\/v2\/posts"}],"about":[{"href":"https:\/\/www.corumbaonline.com.br\/news\/wp-json\/wp\/v2\/types\/post"}],"author":[{"embeddable":true,"href":"https:\/\/www.corumbaonline.com.br\/news\/wp-json\/wp\/v2\/users\/70"}],"replies":[{"embeddable":true,"href":"https:\/\/www.corumbaonline.com.br\/news\/wp-json\/wp\/v2\/comments?post=11710684"}],"version-history":[{"count":1,"href":"https:\/\/www.corumbaonline.com.br\/news\/wp-json\/wp\/v2\/posts\/11710684\/revisions"}],"predecessor-version":[{"id":11710686,"href":"https:\/\/www.corumbaonline.com.br\/news\/wp-json\/wp\/v2\/posts\/11710684\/revisions\/11710686"}],"wp:featuredmedia":[{"embeddable":true,"href":"https:\/\/www.corumbaonline.com.br\/news\/wp-json\/wp\/v2\/media\/11710685"}],"wp:attachment":[{"href":"https:\/\/www.corumbaonline.com.br\/news\/wp-json\/wp\/v2\/media?parent=11710684"}],"wp:term":[{"taxonomy":"category","embeddable":true,"href":"https:\/\/www.corumbaonline.com.br\/news\/wp-json\/wp\/v2\/categories?post=11710684"},{"taxonomy":"post_tag","embeddable":true,"href":"https:\/\/www.corumbaonline.com.br\/news\/wp-json\/wp\/v2\/tags?post=11710684"}],"curies":[{"name":"wp","href":"https:\/\/api.w.org\/{rel}","templated":true}]}}