{"id":11710728,"date":"2020-12-16T10:15:00","date_gmt":"2020-12-16T14:15:00","guid":{"rendered":"http:\/\/www.corumbaonline.com.br\/news\/?p=11710728"},"modified":"2020-12-16T11:09:04","modified_gmt":"2020-12-16T15:09:04","slug":"escolas-do-sesi-no-estado-estao-com-matriculas-abertas-da-educacao-infantil-ao-ensino-medio","status":"publish","type":"post","link":"https:\/\/www.corumbaonline.com.br\/news\/escolas-do-sesi-no-estado-estao-com-matriculas-abertas-da-educacao-infantil-ao-ensino-medio\/","title":{"rendered":"Escolas do Sesi no Estado est\u00e3o com matr\u00edculas abertas da Educa\u00e7\u00e3o Infantil ao Ensino M\u00e9dio"},"content":{"rendered":"<p>Com 1.412 vagas distribu\u00eddas entre a Educa\u00e7\u00e3o Infantil e os ensinos Fundamental e M\u00e9dio nas escolas de Aparecida do Taboado, Campo Grande, Corumb\u00e1, Dourados, Navira\u00ed, Maracaju e Tr\u00eas Lagoas, a Rede de Ensino do Sesi em Mato Grosso do Sul est\u00e1 com o per\u00edodo de matr\u00edculas aberto para o ano letivo de 2021.<\/p>\n<p>Na Escola do Sesi de Aparecida do Taboado s\u00e3o 107 vagas, na de Campo Grande 281 vagas, na de Corumb\u00e1 277 vagas, na de Dourados 147 vagas, na de Navira\u00ed 115 vagas, na de Maracaju 167 vagas e na de Tr\u00eas Lagoas 318 vagas, sendo que as matr\u00edculas podem ser efetuadas at\u00e9 o dia 2 de fevereiro do pr\u00f3ximo ano.<\/p>\n<p>Segundo o superintendente do Sesi, R\u00e9gis Pereira Borges, os jovens est\u00e3o cada vez mais ativos no \u00e2mbito das tecnologias e o ensino precisa acompanhar essa evolu\u00e7\u00e3o. \u201cA tecnologia integrada na metodologia das escolas do Sesi \u00e9 o grande diferencial da nossa rede de ensino. O grande prop\u00f3sito \u00e9 oferecer o que h\u00e1 de melhor e mais moderno em educa\u00e7\u00e3o para os alunos em Mato Grosso do Sul\u201d, completou.<\/p>\n<p>Pandemia<\/p>\n<p>A princ\u00edpio, as aulas nas escolas do Sesi no Estado em 2021 ser\u00e3o retomadas de forma presencial, obedecendo todos os protocolos de biosseguran\u00e7a estipulados pelos \u00f3rg\u00e3os de sa\u00fade, por\u00e9m, caso aconte\u00e7a alguma eventualidade em rela\u00e7\u00e3o \u00e0 pandemia da Covid-19, os sete estabelecimentos de ensino da Rede est\u00e3o preparados para a continuidade das aulas remotas j\u00e1 adotadas em 2020.<\/p>\n<p>Afinal, desde mar\u00e7o deste ano, por meio das plataformas educacionais tecnol\u00f3gicas, o engajamento \u00e9 de at\u00e9 98% dos alunos, que acompanham diariamente as aulas online, conforme relat\u00f3rio de acesso fornecido pela Microsoft \u00e0 Rede de Ensino do Sesi.<\/p>\n<p>Para a analista t\u00e9cnica de Educa\u00e7\u00e3o do Sesi, Glaucia Aparecida Vital da Cruz Campos, nas escolas da institui\u00e7\u00e3o os alunos podem encontrar inova\u00e7\u00e3o e tecnologia. \u201cPreparamos os alunos para serem capazes de construir seus projetos de vida de forma mais consciente e competente\u201d, destacou.<\/p>\n<p>Ela completa que, al\u00e9m dos conte\u00fados curriculares b\u00e1sicos, as escolas do Sesi oferecem ainda ambientes interativos, laborat\u00f3rios t\u00e9cnicos e ferramentas que desenvolvem as potencialidades dos alunos, incentivando a criatividade, lideran\u00e7a, empreendedorismo e capacidade de inovar. \u201cOs alunos tamb\u00e9m t\u00eam aulas gamificadas, de inicia\u00e7\u00e3o cient\u00edfica, curso de programa\u00e7\u00e3o de rob\u00f3tica e programas para forma\u00e7\u00e3o empreendedora\u201d, disse.<\/p>\n<p>Todos os n\u00edveis<\/p>\n<p>A Educa\u00e7\u00e3o Infantil, para crian\u00e7as de 4 a 5 anos de idade, est\u00e1 fundamentada na Base Nacional Curricular e tem como pilares: tecnologia, sustentabilidade, inova\u00e7\u00e3o, aprendizagem ativa, m\u00faltiplas linguagens e desenvolvimento s\u00f3cio emocional. A metodologia utiliza ainda conta\u00e7\u00e3o de hist\u00f3rias, aulas de L\u00edngua Inglesa, musicaliza\u00e7\u00e3o, uso de tablets e salas tecnol\u00f3gicas.<\/p>\n<p>No Ensino Fundamental anos iniciais, do 1\u00ba ao 5\u00ba ano, al\u00e9m da base curricular, as escolas Sesi tamb\u00e9m oferecem aulas de rob\u00f3tica, programa\u00e7\u00e3o, matem\u00e1tica, leitura e interpreta\u00e7\u00e3o de texto, al\u00e9m de aulas de filosofia e responsabilidade social.<\/p>\n<p>J\u00e1 no Ensino Fundamental anos finais, do 6\u00ba ao 9\u00ba ano, os alunos tamb\u00e9m aprendem programa\u00e7\u00e3o e rob\u00f3tica, tendo acesso a sala com aulas em 3D, programa estendido de L\u00edngua Inglesa no 6\u00ba e 7\u00ba ano, com metodologia comunicativa e pratica de imers\u00e3o. Com destaque para aulas que desenvolvem t\u00e9cnicas de empreendedorismo e o do Projeto de Vida (JEPP\/Sebrae e Junior Achievement).<\/p>\n<p>No Ensino M\u00e9dio, os alunos contam com aula de programa\u00e7\u00e3o, sala de aula 3D, Workshops com foco na carreira, plataforma para aprendizagem de empreendedorismo e Geekie Lab \u2013 uma plataforma que utiliza Intelig\u00eancia Artificial para ajudar os alunos nos pontos de necessidade.<\/p>\n<p>Com uma estrutura moderna com laborat\u00f3rios de f\u00edsica, matem\u00e1tica, biologia e qu\u00edmica, as escolas usam metodologias inovadoras, na qual o aluno se torna protagonista dos seus processos de aprendizagem, incentivando autonomia e produ\u00e7\u00e3o de conhecimentos e resolu\u00e7\u00e3o de problemas.<\/p>\n<p>Ainda no Ensino M\u00e9dio, a Rede de Ensino do Sesi no Estado d\u00e1 uma aten\u00e7\u00e3o especial para preparar os alunos para o Enem, com aul\u00f5es, simulados e a plataforma LETRUS, onde o estudante realiza a escrita da reda\u00e7\u00e3o e recebe o feedback que utiliza intelig\u00eancia artificial para realizar as corre\u00e7\u00f5es pautadas nas compet\u00eancias avaliadas no Exame.<\/p>\n<p class=\"x_MsoNormal\">\n","protected":false},"excerpt":{"rendered":"<p>Com 1.412 vagas distribu\u00eddas entre a Educa\u00e7\u00e3o Infantil e os ensinos Fundamental e M\u00e9dio nas&#8230;<\/p>\n","protected":false},"author":9,"featured_media":0,"comment_status":"closed","ping_status":"closed","sticky":false,"template":"","format":"standard","meta":{"footnotes":""},"categories":[10],"tags":[],"class_list":["post-11710728","post","type-post","status-publish","format-standard","hentry","category-educacao"],"_links":{"self":[{"href":"https:\/\/www.corumbaonline.com.br\/news\/wp-json\/wp\/v2\/posts\/11710728","targetHints":{"allow":["GET"]}}],"collection":[{"href":"https:\/\/www.corumbaonline.com.br\/news\/wp-json\/wp\/v2\/posts"}],"about":[{"href":"https:\/\/www.corumbaonline.com.br\/news\/wp-json\/wp\/v2\/types\/post"}],"author":[{"embeddable":true,"href":"https:\/\/www.corumbaonline.com.br\/news\/wp-json\/wp\/v2\/users\/9"}],"replies":[{"embeddable":true,"href":"https:\/\/www.corumbaonline.com.br\/news\/wp-json\/wp\/v2\/comments?post=11710728"}],"version-history":[{"count":1,"href":"https:\/\/www.corumbaonline.com.br\/news\/wp-json\/wp\/v2\/posts\/11710728\/revisions"}],"predecessor-version":[{"id":11710729,"href":"https:\/\/www.corumbaonline.com.br\/news\/wp-json\/wp\/v2\/posts\/11710728\/revisions\/11710729"}],"wp:attachment":[{"href":"https:\/\/www.corumbaonline.com.br\/news\/wp-json\/wp\/v2\/media?parent=11710728"}],"wp:term":[{"taxonomy":"category","embeddable":true,"href":"https:\/\/www.corumbaonline.com.br\/news\/wp-json\/wp\/v2\/categories?post=11710728"},{"taxonomy":"post_tag","embeddable":true,"href":"https:\/\/www.corumbaonline.com.br\/news\/wp-json\/wp\/v2\/tags?post=11710728"}],"curies":[{"name":"wp","href":"https:\/\/api.w.org\/{rel}","templated":true}]}}