{"id":11710740,"date":"2020-12-17T09:20:00","date_gmt":"2020-12-17T13:20:00","guid":{"rendered":"http:\/\/www.corumbaonline.com.br\/news\/?p=11710740"},"modified":"2020-12-17T12:36:29","modified_gmt":"2020-12-17T16:36:29","slug":"prefeito-sanciona-nova-organizacao-administrativa-da-prefeitura-de-corumba","status":"publish","type":"post","link":"https:\/\/www.corumbaonline.com.br\/news\/prefeito-sanciona-nova-organizacao-administrativa-da-prefeitura-de-corumba\/","title":{"rendered":"Prefeito sanciona nova organiza\u00e7\u00e3o administrativa da Prefeitura de Corumb\u00e1"},"content":{"rendered":"<p>O prefeito Marcelo Iunes sancionou nesta quarta-feira, 16 de dezembro, a nova organiza\u00e7\u00e3o administrativa do Poder Executivo do Munic\u00edpio de Corumb\u00e1. A Lei Complementar N\u00ba 269 foi publicada no\u00a0<em><strong><a href=\"http:\/\/do.corumba.ms.gov.br\/portal\/edicoes\/download\/3900\">DIOCORUMB\u00c1<\/a>\u00a0<\/strong><\/em>de hoje com efeito a contar a partir de 1\u00ba de janeiro de 2021.<\/p>\n<p>A Lei\u00a0 disp\u00f5e sobre a organiza\u00e7\u00e3o administrativa da Prefeitura e estabelece os princ\u00edpios de desenvolvimento de suas atividades constitucionais e institucionais, em harmonia com os mandamentos constitucionais que norteiam a Administra\u00e7\u00e3o P\u00fablica e com foco na responsabilidade fiscal.<\/p>\n<p>A administra\u00e7\u00e3o direta para prestar apoio ao Prefeito Municipal no planejamento, na coordena\u00e7\u00e3o, no controle e na gest\u00e3o de programas, projetos e a\u00e7\u00f5es da administra\u00e7\u00e3o municipal, \u00e9 integrada pelos \u00f3rg\u00e3os de atua\u00e7\u00e3o instrumental:<\/p>\n<p>Secretaria Municipal de Governo; a rec\u00e9m-criada Secretaria Municipal de Planejamento e de Projetos Estrat\u00e9gicos; Secretaria Municipal de Finan\u00e7as e Gest\u00e3o; Procuradoria-Geral do Munic\u00edpio; Controladoria-Geral do Munic\u00edpio; Secretaria Especial de Pol\u00edticas Governamentais, tamb\u00e9m rec\u00e9m-criada; e o Gabinete do Prefeito.<\/p>\n<p>Como \u00f3rg\u00e3os de fomento ao desenvolvimento integrado est\u00e3o a Secretaria Municipal de Infraestrutura e Servi\u00e7os P\u00fablicos e a Secretaria Municipal de Desenvolvimento Econ\u00f4mico e Sustent\u00e1vel.<\/p>\n<p>A Secretaria Municipal de Educa\u00e7\u00e3o; Secretaria Municipal de Sa\u00fade; Secretaria Municipal de Assist\u00eancia Social e Cidadania; e a Secretaria Municipal de Seguran\u00e7a P\u00fablica e Defesa Social comp\u00f5e os \u00f3rg\u00e3os de desenvolvimento e promo\u00e7\u00e3o social.<\/p>\n<p>Integram a administra\u00e7\u00e3o indireta do Poder Executivo as seguintes entidades: Ag\u00eancia Municipal Portu\u00e1ria; Ag\u00eancia Municipal de Transporte e Tr\u00e2nsito; Funda\u00e7\u00e3o da Cultura e do Patrim\u00f4nio Hist\u00f3rico de Corumb\u00e1; Funda\u00e7\u00e3o do Meio Ambiente do Pantanal; Funda\u00e7\u00e3o de Turismo do Pantanal; e a Funda\u00e7\u00e3o de Esportes de Corumb\u00e1.<\/p>\n<p>As entidades da administra\u00e7\u00e3o indireta, respeitada sua autonomia administrativa e financeira, sujeitam-se \u00e0 supervis\u00e3o e ao controle do \u00f3rg\u00e3o da administra\u00e7\u00e3o direta que o Prefeito Municipal determinar a sua vincula\u00e7\u00e3o, para fins de avalia\u00e7\u00e3o do seu desempenho econ\u00f4mico e da verifica\u00e7\u00e3o do alinhamento dos seus resultados aos objetivos do Governo Municipal.<\/p>\n","protected":false},"excerpt":{"rendered":"<p>O prefeito Marcelo Iunes sancionou nesta quarta-feira, 16 de dezembro, a nova organiza\u00e7\u00e3o administrativa do&#8230;<\/p>\n","protected":false},"author":70,"featured_media":0,"comment_status":"closed","ping_status":"closed","sticky":false,"template":"","format":"standard","meta":{"footnotes":""},"categories":[14],"tags":[],"class_list":["post-11710740","post","type-post","status-publish","format-standard","hentry","category-geral"],"_links":{"self":[{"href":"https:\/\/www.corumbaonline.com.br\/news\/wp-json\/wp\/v2\/posts\/11710740","targetHints":{"allow":["GET"]}}],"collection":[{"href":"https:\/\/www.corumbaonline.com.br\/news\/wp-json\/wp\/v2\/posts"}],"about":[{"href":"https:\/\/www.corumbaonline.com.br\/news\/wp-json\/wp\/v2\/types\/post"}],"author":[{"embeddable":true,"href":"https:\/\/www.corumbaonline.com.br\/news\/wp-json\/wp\/v2\/users\/70"}],"replies":[{"embeddable":true,"href":"https:\/\/www.corumbaonline.com.br\/news\/wp-json\/wp\/v2\/comments?post=11710740"}],"version-history":[{"count":1,"href":"https:\/\/www.corumbaonline.com.br\/news\/wp-json\/wp\/v2\/posts\/11710740\/revisions"}],"predecessor-version":[{"id":11710741,"href":"https:\/\/www.corumbaonline.com.br\/news\/wp-json\/wp\/v2\/posts\/11710740\/revisions\/11710741"}],"wp:attachment":[{"href":"https:\/\/www.corumbaonline.com.br\/news\/wp-json\/wp\/v2\/media?parent=11710740"}],"wp:term":[{"taxonomy":"category","embeddable":true,"href":"https:\/\/www.corumbaonline.com.br\/news\/wp-json\/wp\/v2\/categories?post=11710740"},{"taxonomy":"post_tag","embeddable":true,"href":"https:\/\/www.corumbaonline.com.br\/news\/wp-json\/wp\/v2\/tags?post=11710740"}],"curies":[{"name":"wp","href":"https:\/\/api.w.org\/{rel}","templated":true}]}}