{"id":11710760,"date":"2020-12-17T11:20:00","date_gmt":"2020-12-17T15:20:00","guid":{"rendered":"http:\/\/www.corumbaonline.com.br\/news\/?p=11710760"},"modified":"2020-12-17T16:28:36","modified_gmt":"2020-12-17T20:28:36","slug":"mato-grosso-do-sul-se-aproxima-de-2-mil-mortes-e-120-mil-casos-de-covid","status":"publish","type":"post","link":"https:\/\/www.corumbaonline.com.br\/news\/mato-grosso-do-sul-se-aproxima-de-2-mil-mortes-e-120-mil-casos-de-covid\/","title":{"rendered":"Mato Grosso do Sul se aproxima de 2 mil mortes e 120 mil casos de Covid"},"content":{"rendered":"<p>O n\u00famero de \u00f3bitos em decorr\u00eancia da Covid-19 em Mato Grosso do Sul subiu para 1.993 nesta quinta-feira (17). A atualiza\u00e7\u00e3o do boletim epidemiol\u00f3gico registrou mais 15 vidas perdidas em raz\u00e3o da doen\u00e7a, 10 delas na Capital do Estado. Nos \u00faltimos 7 dias morreram cerca de 15 pacientes por dia.<\/p>\n<p>O n\u00famero de confirma\u00e7\u00f5es atingiu a marca de 118.003 casos positivos do novo coronav\u00edrus desde o in\u00edcio da pandemia. Nas \u00faltimas 24 horas foram confirmados mais 1.391 pacientes infectados pela doen\u00e7a. Campo Grande (+604), Dourados (+153), Corumb\u00e1 (+65), Maracaju (+61) e Ponta Por\u00e3 (+57) s\u00e3o os munic\u00edpios que registraram o maior n\u00famero de casos. A m\u00e9dia m\u00f3vel da semana indica 1.174 casos por dia.<\/p>\n<figure id=\"attachment_336286\" class=\"wp-caption aligncenter\">\n<p><figure id=\"attachment_336286\" aria-describedby=\"caption-attachment-336286\" style=\"width: 587px\" class=\"wp-caption aligncenter\"><img loading=\"lazy\" decoding=\"async\" class=\"wp-image-336286 size-full\" src=\"http:\/\/www.ms.gov.br\/wp-content\/uploads\/sites\/150\/2020\/12\/grafico_positivos.png\" sizes=\"auto, (max-width: 587px) 100vw, 587px\" srcset=\"http:\/\/www.ms.gov.br\/wp-content\/uploads\/sites\/150\/2020\/12\/grafico_positivos.png 587w, http:\/\/www.ms.gov.br\/wp-content\/uploads\/sites\/150\/2020\/12\/grafico_positivos-300x160.png 300w, http:\/\/www.ms.gov.br\/wp-content\/uploads\/sites\/150\/2020\/12\/grafico_positivos-350x187.png 350w\" alt=\"\" width=\"587\" height=\"314\" \/><figcaption id=\"caption-attachment-336286\" class=\"wp-caption-text\">Evolu\u00e7\u00e3o dos casos positivos de Covid no Estado<\/figcaption><\/figure><\/figure>\n<p>Dos 14.832 casos ativos em todo Estado, 14.188 est\u00e3o sendo monitorados em isolamento domiciliar, e 644 pacientes est\u00e3o internados em leitos cl\u00ednicos (332) e de unidade de terapia intensiva (312).<\/p>\n<p>As amostras em an\u00e1lise no Laborat\u00f3rio Central somam 3.785, e os resultados que aguardam libera\u00e7\u00e3o de dados pelos munic\u00edpios s\u00e3o 5.822.\u00a0Confira\u00a0<strong><a href=\"http:\/\/www.ms.gov.br\/wp-content\/uploads\/sites\/150\/2020\/12\/Boletim-Epidemiol%C3%B3gico-COVID-19-2020.12.17.pdf\">aqui<\/a><\/strong>\u00a0o detalhamento dos dados.<\/p>\n<p><img loading=\"lazy\" decoding=\"async\" class=\"wp-image-336287 size-full aligncenter\" src=\"http:\/\/www.ms.gov.br\/wp-content\/uploads\/sites\/150\/2020\/12\/boletim-covid-17-dezembro.png\" sizes=\"auto, (max-width: 593px) 100vw, 593px\" srcset=\"http:\/\/www.ms.gov.br\/wp-content\/uploads\/sites\/150\/2020\/12\/boletim-covid-17-dezembro.png 593w, http:\/\/www.ms.gov.br\/wp-content\/uploads\/sites\/150\/2020\/12\/boletim-covid-17-dezembro-300x201.png 300w, http:\/\/www.ms.gov.br\/wp-content\/uploads\/sites\/150\/2020\/12\/boletim-covid-17-dezembro-350x235.png 350w, http:\/\/www.ms.gov.br\/wp-content\/uploads\/sites\/150\/2020\/12\/boletim-covid-17-dezembro-272x182.png 272w\" alt=\"\" width=\"593\" height=\"398\" \/><\/p>\n","protected":false},"excerpt":{"rendered":"<p>O n\u00famero de \u00f3bitos em decorr\u00eancia da Covid-19 em Mato Grosso do Sul subiu para&#8230;<\/p>\n","protected":false},"author":13,"featured_media":11708673,"comment_status":"closed","ping_status":"closed","sticky":false,"template":"","format":"standard","meta":{"footnotes":""},"categories":[116,8,21],"tags":[],"class_list":["post-11710760","post","type-post","status-publish","format-standard","has-post-thumbnail","hentry","category-coronavirus","category-destaque","category-saude"],"_links":{"self":[{"href":"https:\/\/www.corumbaonline.com.br\/news\/wp-json\/wp\/v2\/posts\/11710760","targetHints":{"allow":["GET"]}}],"collection":[{"href":"https:\/\/www.corumbaonline.com.br\/news\/wp-json\/wp\/v2\/posts"}],"about":[{"href":"https:\/\/www.corumbaonline.com.br\/news\/wp-json\/wp\/v2\/types\/post"}],"author":[{"embeddable":true,"href":"https:\/\/www.corumbaonline.com.br\/news\/wp-json\/wp\/v2\/users\/13"}],"replies":[{"embeddable":true,"href":"https:\/\/www.corumbaonline.com.br\/news\/wp-json\/wp\/v2\/comments?post=11710760"}],"version-history":[{"count":1,"href":"https:\/\/www.corumbaonline.com.br\/news\/wp-json\/wp\/v2\/posts\/11710760\/revisions"}],"predecessor-version":[{"id":11710761,"href":"https:\/\/www.corumbaonline.com.br\/news\/wp-json\/wp\/v2\/posts\/11710760\/revisions\/11710761"}],"wp:featuredmedia":[{"embeddable":true,"href":"https:\/\/www.corumbaonline.com.br\/news\/wp-json\/wp\/v2\/media\/11708673"}],"wp:attachment":[{"href":"https:\/\/www.corumbaonline.com.br\/news\/wp-json\/wp\/v2\/media?parent=11710760"}],"wp:term":[{"taxonomy":"category","embeddable":true,"href":"https:\/\/www.corumbaonline.com.br\/news\/wp-json\/wp\/v2\/categories?post=11710760"},{"taxonomy":"post_tag","embeddable":true,"href":"https:\/\/www.corumbaonline.com.br\/news\/wp-json\/wp\/v2\/tags?post=11710760"}],"curies":[{"name":"wp","href":"https:\/\/api.w.org\/{rel}","templated":true}]}}